{"id":59429,"date":"2013-11-28T17:53:28","date_gmt":"2013-11-28T16:53:28","guid":{"rendered":"https:\/\/laindependent.cat\/ginebra-setanta-per-cent-de-dones-pateix-violencia-alguna-vegada-a-la-vida-la-independent-noticies-genere\/"},"modified":"2023-05-12T19:27:08","modified_gmt":"2023-05-12T17:27:08","slug":"ginebra-setanta-per-cent-de-dones-pateix-violencia-alguna-vegada-a-la-vida-la-independent-noticies-genere","status":"publish","type":"post","link":"https:\/\/laindependent.cat\/en\/ginebra-setanta-per-cent-de-dones-pateix-violencia-alguna-vegada-a-la-vida-la-independent-noticies-genere\/","title":{"rendered":"Ginebra: Setanta per cent de dones pateix viol\u00e8ncia alguna vegada a la vida \/ La Independent \/ Not\u00edcies  G\u00e8nere"},"content":{"rendered":"<p style=\"text-align: left;\"><span style=\"font-size: 10pt; font-family: trebuchet ms,geneva;\">La viol\u00e8ncia de g\u00e8nere \u00e9s encara una pand\u00e8mia global, ja que un 70 per cent de les dones la pateix alguna vegada a la vida, va afirmar el secretari general de l&#8217; ONU, <strong>Ban Ki -Moon<\/strong>, el 25 de novembre, dia Internacional per a l&#8217;Eliminaci\u00f3 de la viol\u00e8ncia contra les Dones.<\/span><\/p>\n<p><!--more--><\/p>\n<p style=\"text-align: left;\"><span style=\"font-family: trebuchet ms,geneva;\">A m\u00e9s va instar la poblaci\u00f3 mundial a posar fi a totes les forme de violencia per a totes les Dones de\u00a0\u00a0 America Llatina\u00a0 i el Carib. El 2011 \u00e9s van registrar m\u00e9s de mil cent-trenta nou assassinats, per raons de g\u00e8nere, en vuit pa\u00efsos de la regi\u00f3, dels quals el 29 per cent van ser comesos per les seves parelles.<\/span><\/p>\n<p style=\"text-align: left;\"><span style=\"font-family: trebuchet ms,geneva;\">Tambe l&#8217;Organitzaci\u00f3 Mundial de la Salut (OMS) ha alertat, que mes d&#8217; 2 milions de dones adolescents d&#8217; entre 10 i 19 anys no reben el tractament necessari per evitar la transmissi\u00f3 del VIH.<\/span><\/p>\n<p style=\"text-align: left;\"><span style=\"font-family: trebuchet ms,geneva;\">L&#8217;OMS\u00a0 alerta que aquest problema ha generat un augment del 50 per cent de les morts relacionades amb la sida en aquest grup poblacional femeni, mentre que la resta de les persones amb el virus ha tingut un\u00a0 declivi del 30 per cent en els \u00faltims anys.<\/span><\/p>\n","protected":false},"excerpt":{"rendered":"<p>La viol\u00e8ncia de g\u00e8nere \u00e9s encara una pand\u00e8mia global, ja que un 70 per cent de les dones la pateix alguna vegada a la vida, va afirmar el secretari general de l&#8217; ONU, Ban Ki -Moon, el 25 de novembre, [&hellip;]<\/p>\n","protected":false},"author":94,"featured_media":0,"comment_status":"open","ping_status":"","sticky":false,"template":"","format":"standard","meta":{"footnotes":""},"categories":[26395],"tags":[],"class_list":["post-59429","post","type-post","status-publish","format-standard","hentry","category-25n"],"yoast_head":"<!-- This site is optimized with the Yoast SEO plugin v27.4 - https:\/\/yoast.com\/product\/yoast-seo-wordpress\/ -->\n<title>Ginebra: Setanta per cent de dones pateix viol\u00e8ncia alguna vegada a la vida \/ La Independent \/ Not\u00edcies G\u00e8nere | La Independent<\/title>\n<meta name=\"description\" content=\"La viol\u00e8ncia de g\u00e8nere \u00e9s encara una pand\u00e8mia global, ja que un 70 per cent de les dones la pateix alguna vegada a la vida, va afirmar el secretari\" \/>\n<meta name=\"robots\" content=\"index, follow, max-snippet:-1, max-image-preview:large, max-video-preview:-1\" \/>\n<link rel=\"canonical\" href=\"https:\/\/laindependent.cat\/en\/ginebra-setanta-per-cent-de-dones-pateix-violencia-alguna-vegada-a-la-vida-la-independent-noticies-genere\/\" \/>\n<meta property=\"og:locale\" content=\"en_US\" \/>\n<meta property=\"og:type\" content=\"article\" \/>\n<meta property=\"og:title\" content=\"Ginebra: Setanta per cent de dones pateix viol\u00e8ncia alguna vegada a la vida \/ La Independent \/ Not\u00edcies G\u00e8nere | La Independent\" \/>\n<meta property=\"og:description\" content=\"La viol\u00e8ncia de g\u00e8nere \u00e9s encara una pand\u00e8mia global, ja que un 70 per cent de les dones la pateix alguna vegada a la vida, va afirmar el secretari\" \/>\n<meta property=\"og:url\" content=\"https:\/\/laindependent.cat\/en\/ginebra-setanta-per-cent-de-dones-pateix-violencia-alguna-vegada-a-la-vida-la-independent-noticies-genere\/\" \/>\n<meta property=\"og:site_name\" content=\"La Independent\" \/>\n<meta property=\"article:published_time\" content=\"2013-11-28T16:53:28+00:00\" \/>\n<meta property=\"article:modified_time\" content=\"2023-05-12T17:27:08+00:00\" \/>\n<meta name=\"author\" content=\"Amada Santos\" \/>\n<meta name=\"twitter:card\" content=\"summary_large_image\" \/>\n<meta name=\"twitter:label1\" content=\"Written by\" \/>\n\t<meta name=\"twitter:data1\" content=\"Amada Santos\" \/>\n\t<meta name=\"twitter:label2\" content=\"Est. reading time\" \/>\n\t<meta name=\"twitter:data2\" content=\"1 minute\" \/>\n<script type=\"application\/ld+json\" class=\"yoast-schema-graph\">{\"@context\":\"https:\\\/\\\/schema.org\",\"@graph\":[{\"@type\":\"Article\",\"@id\":\"https:\\\/\\\/laindependent.cat\\\/en\\\/ginebra-setanta-per-cent-de-dones-pateix-violencia-alguna-vegada-a-la-vida-la-independent-noticies-genere\\\/#article\",\"isPartOf\":{\"@id\":\"https:\\\/\\\/laindependent.cat\\\/en\\\/ginebra-setanta-per-cent-de-dones-pateix-violencia-alguna-vegada-a-la-vida-la-independent-noticies-genere\\\/\"},\"author\":{\"name\":\"Amada Santos\",\"@id\":\"https:\\\/\\\/laindependent.cat\\\/en\\\/#\\\/schema\\\/person\\\/c0bbc88d6bb99ffe6206fec7daa8d5f1\"},\"headline\":\"Ginebra: Setanta per cent de dones pateix viol\u00e8ncia alguna vegada a la vida \\\/ La Independent \\\/ Not\u00edcies G\u00e8nere\",\"datePublished\":\"2013-11-28T16:53:28+00:00\",\"dateModified\":\"2023-05-12T17:27:08+00:00\",\"mainEntityOfPage\":{\"@id\":\"https:\\\/\\\/laindependent.cat\\\/en\\\/ginebra-setanta-per-cent-de-dones-pateix-violencia-alguna-vegada-a-la-vida-la-independent-noticies-genere\\\/\"},\"wordCount\":215,\"commentCount\":0,\"publisher\":{\"@id\":\"https:\\\/\\\/laindependent.cat\\\/en\\\/#organization\"},\"articleSection\":[\"25N\"],\"inLanguage\":\"en-US\",\"potentialAction\":[{\"@type\":\"CommentAction\",\"name\":\"Comment\",\"target\":[\"https:\\\/\\\/laindependent.cat\\\/en\\\/ginebra-setanta-per-cent-de-dones-pateix-violencia-alguna-vegada-a-la-vida-la-independent-noticies-genere\\\/#respond\"]}]},{\"@type\":\"WebPage\",\"@id\":\"https:\\\/\\\/laindependent.cat\\\/en\\\/ginebra-setanta-per-cent-de-dones-pateix-violencia-alguna-vegada-a-la-vida-la-independent-noticies-genere\\\/\",\"url\":\"https:\\\/\\\/laindependent.cat\\\/en\\\/ginebra-setanta-per-cent-de-dones-pateix-violencia-alguna-vegada-a-la-vida-la-independent-noticies-genere\\\/\",\"name\":\"Ginebra: Setanta per cent de dones pateix viol\u00e8ncia alguna vegada a la vida \\\/ La Independent \\\/ Not\u00edcies G\u00e8nere | La Independent\",\"isPartOf\":{\"@id\":\"https:\\\/\\\/laindependent.cat\\\/en\\\/#website\"},\"datePublished\":\"2013-11-28T16:53:28+00:00\",\"dateModified\":\"2023-05-12T17:27:08+00:00\",\"description\":\"La viol\u00e8ncia de g\u00e8nere \u00e9s encara una pand\u00e8mia global, ja que un 70 per cent de les dones la pateix alguna vegada a la vida, va afirmar el secretari\",\"breadcrumb\":{\"@id\":\"https:\\\/\\\/laindependent.cat\\\/en\\\/ginebra-setanta-per-cent-de-dones-pateix-violencia-alguna-vegada-a-la-vida-la-independent-noticies-genere\\\/#breadcrumb\"},\"inLanguage\":\"en-US\",\"potentialAction\":[{\"@type\":\"ReadAction\",\"target\":[\"https:\\\/\\\/laindependent.cat\\\/en\\\/ginebra-setanta-per-cent-de-dones-pateix-violencia-alguna-vegada-a-la-vida-la-independent-noticies-genere\\\/\"]}]},{\"@type\":\"BreadcrumbList\",\"@id\":\"https:\\\/\\\/laindependent.cat\\\/en\\\/ginebra-setanta-per-cent-de-dones-pateix-violencia-alguna-vegada-a-la-vida-la-independent-noticies-genere\\\/#breadcrumb\",\"itemListElement\":[{\"@type\":\"ListItem\",\"position\":1,\"name\":\"Inici\",\"item\":\"https:\\\/\\\/laindependent.cat\\\/en\\\/\"},{\"@type\":\"ListItem\",\"position\":2,\"name\":\"25N 2022\",\"item\":\"https:\\\/\\\/laindependent.cat\\\/en\\\/tema\\\/25n-2022-en\\\/\"},{\"@type\":\"ListItem\",\"position\":3,\"name\":\"Ginebra: Setanta per cent de dones pateix viol\u00e8ncia alguna vegada a la vida \\\/ La Independent \\\/ Not\u00edcies G\u00e8nere\"}]},{\"@type\":\"WebSite\",\"@id\":\"https:\\\/\\\/laindependent.cat\\\/en\\\/#website\",\"url\":\"https:\\\/\\\/laindependent.cat\\\/en\\\/\",\"name\":\"La Independent\",\"description\":\"Ag\u00e8ncia de not\u00edcies amb visi\u00f3 de g\u00e8nere\",\"publisher\":{\"@id\":\"https:\\\/\\\/laindependent.cat\\\/en\\\/#organization\"},\"alternateName\":\"Ag\u00e8ncia de not\u00edcies amb visi\u00f3 de g\u00e8nere\",\"potentialAction\":[{\"@type\":\"SearchAction\",\"target\":{\"@type\":\"EntryPoint\",\"urlTemplate\":\"https:\\\/\\\/laindependent.cat\\\/en\\\/?s={search_term_string}\"},\"query-input\":{\"@type\":\"PropertyValueSpecification\",\"valueRequired\":true,\"valueName\":\"search_term_string\"}}],\"inLanguage\":\"en-US\"},{\"@type\":\"Organization\",\"@id\":\"https:\\\/\\\/laindependent.cat\\\/en\\\/#organization\",\"name\":\"La Independent\",\"alternateName\":\"Ag\u00e8ncia de not\u00edcies amb visi\u00f3 de g\u00e8nere\",\"url\":\"https:\\\/\\\/laindependent.cat\\\/en\\\/\",\"logo\":{\"@type\":\"ImageObject\",\"inLanguage\":\"en-US\",\"@id\":\"https:\\\/\\\/laindependent.cat\\\/en\\\/#\\\/schema\\\/logo\\\/image\\\/\",\"url\":\"https:\\\/\\\/laindependent.cat\\\/wp-content\\\/uploads\\\/2022\\\/10\\\/logo-independent.svg\",\"contentUrl\":\"https:\\\/\\\/laindependent.cat\\\/wp-content\\\/uploads\\\/2022\\\/10\\\/logo-independent.svg\",\"width\":562,\"height\":78,\"caption\":\"La Independent\"},\"image\":{\"@id\":\"https:\\\/\\\/laindependent.cat\\\/en\\\/#\\\/schema\\\/logo\\\/image\\\/\"}},{\"@type\":\"Person\",\"@id\":\"https:\\\/\\\/laindependent.cat\\\/en\\\/#\\\/schema\\\/person\\\/c0bbc88d6bb99ffe6206fec7daa8d5f1\",\"name\":\"Amada Santos\",\"image\":{\"@type\":\"ImageObject\",\"inLanguage\":\"en-US\",\"@id\":\"https:\\\/\\\/secure.gravatar.com\\\/avatar\\\/ddc329d5c10903319ef8e7bfda1f33c1798763e44bd30548785c262d0a7d5683?s=96&d=blank&r=g\",\"url\":\"https:\\\/\\\/secure.gravatar.com\\\/avatar\\\/ddc329d5c10903319ef8e7bfda1f33c1798763e44bd30548785c262d0a7d5683?s=96&d=blank&r=g\",\"contentUrl\":\"https:\\\/\\\/secure.gravatar.com\\\/avatar\\\/ddc329d5c10903319ef8e7bfda1f33c1798763e44bd30548785c262d0a7d5683?s=96&d=blank&r=g\",\"caption\":\"Amada Santos\"},\"description\":\"Fotoperiodista i Soci\u00f3loga. Activista Feminista, Defensora DDHH i Cooperant. Presidenta de la XIDPIC.Cat. Co-coordinadora i Editora de La Independent. Coordinadora Internacional a la RIPVG\",\"url\":\"https:\\\/\\\/laindependent.cat\\\/en\\\/author\\\/amada-santos\\\/\"}]}<\/script>\n<!-- \/ Yoast SEO plugin. -->","yoast_head_json":{"title":"Ginebra: Setanta per cent de dones pateix viol\u00e8ncia alguna vegada a la vida \/ La Independent \/ Not\u00edcies G\u00e8nere | La Independent","description":"La viol\u00e8ncia de g\u00e8nere \u00e9s encara una pand\u00e8mia global, ja que un 70 per cent de les dones la pateix alguna vegada a la vida, va afirmar el secretari","robots":{"index":"index","follow":"follow","max-snippet":"max-snippet:-1","max-image-preview":"max-image-preview:large","max-video-preview":"max-video-preview:-1"},"canonical":"https:\/\/laindependent.cat\/en\/ginebra-setanta-per-cent-de-dones-pateix-violencia-alguna-vegada-a-la-vida-la-independent-noticies-genere\/","og_locale":"en_US","og_type":"article","og_title":"Ginebra: Setanta per cent de dones pateix viol\u00e8ncia alguna vegada a la vida \/ La Independent \/ Not\u00edcies G\u00e8nere | La Independent","og_description":"La viol\u00e8ncia de g\u00e8nere \u00e9s encara una pand\u00e8mia global, ja que un 70 per cent de les dones la pateix alguna vegada a la vida, va afirmar el secretari","og_url":"https:\/\/laindependent.cat\/en\/ginebra-setanta-per-cent-de-dones-pateix-violencia-alguna-vegada-a-la-vida-la-independent-noticies-genere\/","og_site_name":"La Independent","article_published_time":"2013-11-28T16:53:28+00:00","article_modified_time":"2023-05-12T17:27:08+00:00","author":"Amada Santos","twitter_card":"summary_large_image","twitter_misc":{"Written by":"Amada Santos","Est. reading time":"1 minute"},"schema":{"@context":"https:\/\/schema.org","@graph":[{"@type":"Article","@id":"https:\/\/laindependent.cat\/en\/ginebra-setanta-per-cent-de-dones-pateix-violencia-alguna-vegada-a-la-vida-la-independent-noticies-genere\/#article","isPartOf":{"@id":"https:\/\/laindependent.cat\/en\/ginebra-setanta-per-cent-de-dones-pateix-violencia-alguna-vegada-a-la-vida-la-independent-noticies-genere\/"},"author":{"name":"Amada Santos","@id":"https:\/\/laindependent.cat\/en\/#\/schema\/person\/c0bbc88d6bb99ffe6206fec7daa8d5f1"},"headline":"Ginebra: Setanta per cent de dones pateix viol\u00e8ncia alguna vegada a la vida \/ La Independent \/ Not\u00edcies G\u00e8nere","datePublished":"2013-11-28T16:53:28+00:00","dateModified":"2023-05-12T17:27:08+00:00","mainEntityOfPage":{"@id":"https:\/\/laindependent.cat\/en\/ginebra-setanta-per-cent-de-dones-pateix-violencia-alguna-vegada-a-la-vida-la-independent-noticies-genere\/"},"wordCount":215,"commentCount":0,"publisher":{"@id":"https:\/\/laindependent.cat\/en\/#organization"},"articleSection":["25N"],"inLanguage":"en-US","potentialAction":[{"@type":"CommentAction","name":"Comment","target":["https:\/\/laindependent.cat\/en\/ginebra-setanta-per-cent-de-dones-pateix-violencia-alguna-vegada-a-la-vida-la-independent-noticies-genere\/#respond"]}]},{"@type":"WebPage","@id":"https:\/\/laindependent.cat\/en\/ginebra-setanta-per-cent-de-dones-pateix-violencia-alguna-vegada-a-la-vida-la-independent-noticies-genere\/","url":"https:\/\/laindependent.cat\/en\/ginebra-setanta-per-cent-de-dones-pateix-violencia-alguna-vegada-a-la-vida-la-independent-noticies-genere\/","name":"Ginebra: Setanta per cent de dones pateix viol\u00e8ncia alguna vegada a la vida \/ La Independent \/ Not\u00edcies G\u00e8nere | La Independent","isPartOf":{"@id":"https:\/\/laindependent.cat\/en\/#website"},"datePublished":"2013-11-28T16:53:28+00:00","dateModified":"2023-05-12T17:27:08+00:00","description":"La viol\u00e8ncia de g\u00e8nere \u00e9s encara una pand\u00e8mia global, ja que un 70 per cent de les dones la pateix alguna vegada a la vida, va afirmar el secretari","breadcrumb":{"@id":"https:\/\/laindependent.cat\/en\/ginebra-setanta-per-cent-de-dones-pateix-violencia-alguna-vegada-a-la-vida-la-independent-noticies-genere\/#breadcrumb"},"inLanguage":"en-US","potentialAction":[{"@type":"ReadAction","target":["https:\/\/laindependent.cat\/en\/ginebra-setanta-per-cent-de-dones-pateix-violencia-alguna-vegada-a-la-vida-la-independent-noticies-genere\/"]}]},{"@type":"BreadcrumbList","@id":"https:\/\/laindependent.cat\/en\/ginebra-setanta-per-cent-de-dones-pateix-violencia-alguna-vegada-a-la-vida-la-independent-noticies-genere\/#breadcrumb","itemListElement":[{"@type":"ListItem","position":1,"name":"Inici","item":"https:\/\/laindependent.cat\/en\/"},{"@type":"ListItem","position":2,"name":"25N 2022","item":"https:\/\/laindependent.cat\/en\/tema\/25n-2022-en\/"},{"@type":"ListItem","position":3,"name":"Ginebra: Setanta per cent de dones pateix viol\u00e8ncia alguna vegada a la vida \/ La Independent \/ Not\u00edcies G\u00e8nere"}]},{"@type":"WebSite","@id":"https:\/\/laindependent.cat\/en\/#website","url":"https:\/\/laindependent.cat\/en\/","name":"La Independent","description":"Ag\u00e8ncia de not\u00edcies amb visi\u00f3 de g\u00e8nere","publisher":{"@id":"https:\/\/laindependent.cat\/en\/#organization"},"alternateName":"Ag\u00e8ncia de not\u00edcies amb visi\u00f3 de g\u00e8nere","potentialAction":[{"@type":"SearchAction","target":{"@type":"EntryPoint","urlTemplate":"https:\/\/laindependent.cat\/en\/?s={search_term_string}"},"query-input":{"@type":"PropertyValueSpecification","valueRequired":true,"valueName":"search_term_string"}}],"inLanguage":"en-US"},{"@type":"Organization","@id":"https:\/\/laindependent.cat\/en\/#organization","name":"La Independent","alternateName":"Ag\u00e8ncia de not\u00edcies amb visi\u00f3 de g\u00e8nere","url":"https:\/\/laindependent.cat\/en\/","logo":{"@type":"ImageObject","inLanguage":"en-US","@id":"https:\/\/laindependent.cat\/en\/#\/schema\/logo\/image\/","url":"https:\/\/laindependent.cat\/wp-content\/uploads\/2022\/10\/logo-independent.svg","contentUrl":"https:\/\/laindependent.cat\/wp-content\/uploads\/2022\/10\/logo-independent.svg","width":562,"height":78,"caption":"La Independent"},"image":{"@id":"https:\/\/laindependent.cat\/en\/#\/schema\/logo\/image\/"}},{"@type":"Person","@id":"https:\/\/laindependent.cat\/en\/#\/schema\/person\/c0bbc88d6bb99ffe6206fec7daa8d5f1","name":"Amada Santos","image":{"@type":"ImageObject","inLanguage":"en-US","@id":"https:\/\/secure.gravatar.com\/avatar\/ddc329d5c10903319ef8e7bfda1f33c1798763e44bd30548785c262d0a7d5683?s=96&d=blank&r=g","url":"https:\/\/secure.gravatar.com\/avatar\/ddc329d5c10903319ef8e7bfda1f33c1798763e44bd30548785c262d0a7d5683?s=96&d=blank&r=g","contentUrl":"https:\/\/secure.gravatar.com\/avatar\/ddc329d5c10903319ef8e7bfda1f33c1798763e44bd30548785c262d0a7d5683?s=96&d=blank&r=g","caption":"Amada Santos"},"description":"Fotoperiodista i Soci\u00f3loga. Activista Feminista, Defensora DDHH i Cooperant. Presidenta de la XIDPIC.Cat. Co-coordinadora i Editora de La Independent. Coordinadora Internacional a la RIPVG","url":"https:\/\/laindependent.cat\/en\/author\/amada-santos\/"}]}},"_links":{"self":[{"href":"https:\/\/laindependent.cat\/en\/wp-json\/wp\/v2\/posts\/59429","targetHints":{"allow":["GET"]}}],"collection":[{"href":"https:\/\/laindependent.cat\/en\/wp-json\/wp\/v2\/posts"}],"about":[{"href":"https:\/\/laindependent.cat\/en\/wp-json\/wp\/v2\/types\/post"}],"author":[{"embeddable":true,"href":"https:\/\/laindependent.cat\/en\/wp-json\/wp\/v2\/users\/94"}],"replies":[{"embeddable":true,"href":"https:\/\/laindependent.cat\/en\/wp-json\/wp\/v2\/comments?post=59429"}],"version-history":[{"count":0,"href":"https:\/\/laindependent.cat\/en\/wp-json\/wp\/v2\/posts\/59429\/revisions"}],"wp:attachment":[{"href":"https:\/\/laindependent.cat\/en\/wp-json\/wp\/v2\/media?parent=59429"}],"wp:term":[{"taxonomy":"category","embeddable":true,"href":"https:\/\/laindependent.cat\/en\/wp-json\/wp\/v2\/categories?post=59429"},{"taxonomy":"post_tag","embeddable":true,"href":"https:\/\/laindependent.cat\/en\/wp-json\/wp\/v2\/tags?post=59429"}],"curies":[{"name":"wp","href":"https:\/\/api.w.org\/{rel}","templated":true}]}}