{"id":59389,"date":"2013-11-24T00:10:27","date_gmt":"2013-11-23T23:10:27","guid":{"rendered":"https:\/\/laindependent.cat\/mujeres-victimas-de-violencia-de-genero-una-huelga-de-hambre-silenciada-berta-cao\/"},"modified":"2023-05-12T19:27:13","modified_gmt":"2023-05-12T17:27:13","slug":"mujeres-victimas-de-violencia-de-genero-una-huelga-de-hambre-silenciada-berta-cao","status":"publish","type":"post","link":"https:\/\/laindependent.cat\/en\/mujeres-victimas-de-violencia-de-genero-una-huelga-de-hambre-silenciada-berta-cao\/","title":{"rendered":"Mujeres v\u00edctimas de violencia de g\u00e9nero: una huelga de hambre silenciada-Berta Cao *"},"content":{"rendered":"<p style=\"text-align: left;\">\u00a0<\/p>\n<p style=\"text-align: left;\"><span style=\"font-size: 10pt; font-family: 'trebuchet ms', geneva;\">Gloria V\u00e1zquez, a la izquierda., A\u00edda Blanco, a la derecha, ambas en huelga de hambre. Abajo, Susana Viqueira, de la red de apoyo de Ve-la Luz a la huelga. \/ B. Cao<\/span><br \/><span style=\"font-size: 10pt; font-family: 'trebuchet ms', geneva;\">Gloria V\u00e1zquez, a la izquierda; A\u00edda Blanco, a la derecha, ambas en huelga de hambre. En el centro, Susana Viqueira, de la red de apoyo de Ve-la luz a la huelga. \/ B. Cao<\/span><br \/><span style=\"font-size: 10pt; font-family: 'trebuchet ms', geneva;\">La Asociaci\u00f3n Ve-la luz convoc\u00f3 a sus socias y dirigentes a una huelga de hambre, y como consecuencia, 10 mujeres gallegas iniciaron, en la noche del 14 al 15 de octubre, una huelga con esta caracter\u00edstica, y 12 d\u00edas despu\u00e9s, son las grandes silenciadas en la acci\u00f3n social de nuestro pa\u00eds.<\/span><\/p>\n<p style=\"text-align: left;\"><span style=\"font-size: 10pt; font-family: 'trebuchet ms', geneva;\">Ve-la luz naci\u00f3 en Galicia en 2009 como organizaci\u00f3n reivindicativa, asistencial y de apoyo a las v\u00edctimas de la violencia de g\u00e9nero (V.G.). Su papel ha ido creciendo en estos a\u00f1os, a pesar de los recortes en las subvenciones (este a\u00f1o, el total de euros que reciben de la Xunta de Galicia asciende a 720, para el programa de reinserci\u00f3n integral de v\u00edctimas de V.G.) y, entre otros, tiene convenios con las tres universidades gallegas (Santiago, Vigo y A Coru\u00f1a) para que alumnado de Derecho y Psicolog\u00eda realice sus pr\u00e1cticas en la Asociaci\u00f3n. Una importante labor pedag\u00f3gica.<\/span><\/p>\n<p style=\"text-align: left;\"><span style=\"font-size: 10pt; font-family: 'trebuchet ms', geneva;\">Pero tambi\u00e9n han protagonizado acciones de denuncia de las que esta huelga de hambre es un punto de inflexi\u00f3n en sus reivindicaciones contra la situaci\u00f3n de las v\u00edctimas de V.G., tanto mujeres (v\u00edctimas directas) como sus hijos e hijas (v\u00edctimas directas, indirectas o colaterales), con una relaci\u00f3n de demandas que pasan por:<\/span><\/p>\n<p style=\"text-align: left;\"><span style=\"font-size: 10pt; font-family: 'trebuchet ms', geneva;\">&#8211; Medidas para que cuando haya indicios de violencia de g\u00e9nero se suspendan las visitas e impedir el acceso de los (supuestos) maltratadores a cualquier tipo de custodia.<\/span><\/p>\n<p style=\"text-align: left;\"><span style=\"font-size: 10pt; font-family: 'trebuchet ms', geneva;\">&#8211; En casos de falta, no s\u00f3lo de delito, retirada del acceso de los condenados a la solicitud de custodia.<\/span><\/p>\n<p style=\"text-align: left;\"><span style=\"font-size: 10pt; font-family: 'trebuchet ms', geneva;\">&#8211; Si en los casos de condena se retira la patria potestad, que se suspenda tambi\u00e9n el r\u00e9gimen de visitas.<\/span><\/p>\n<p style=\"text-align: left;\"><span style=\"font-size: 10pt; font-family: 'trebuchet ms', geneva;\">&#8211; Renovaci\u00f3n del personal de los juzgados de violencia de g\u00e9nero cada dos a\u00f1os (lo que conllevar\u00eda procesos de formaci\u00f3n en violencia de g\u00e9nero a la mayor\u00eda del personal de los juzgados).<\/span><\/p>\n<p style=\"text-align: left;\"><span style=\"font-size: 10pt; font-family: 'trebuchet ms', geneva;\">&#8211; Revisi\u00f3n de las sentencias de los \u00faltimos 5 a\u00f1os. En Galicia se han sobrese\u00eddo el 57% del total estatal de casos.<\/span><\/p>\n<p style=\"text-align: left;\"><span style=\"font-size: 10pt; font-family: 'trebuchet ms', geneva;\">Sobre este \u00faltimo punto, el jueves el Partido Popular acept\u00f3 crear una comisi\u00f3n de investigaci\u00f3n en el Parlamento gallego, donde participen las v\u00edctimas (Ve-la luz), y con el compromiso de presentar una proposici\u00f3n de ley en tres meses. Los dem\u00e1s puntos, el Partido Popular los matiza pero no pone barreras insalvables, salvo el primero, la suspensi\u00f3n de las visitas y que se impida el acceso a la custodia. En este punto, el PP considera que se requiere una modificaci\u00f3n de la ley, y Ve-la luz insiste en que la ley da capacidad al juez\/jueza para determinarlo. Por tanto, su demanda se ci\u00f1e a que haya una obligatoriedad, en aras a la protecci\u00f3n de los\/las menores.<\/span><\/p>\n<p style=\"text-align: left;\"><span style=\"font-size: 10pt; font-family: 'trebuchet ms', geneva;\">Mientras no se salve este punto, las mujeres de Ve-la luz siguen en su empe\u00f1o, denunciando el (mal)trato que sufren en los juzgados, por mucho que su salud empiece a resquebrajarse despu\u00e9s de tantos d\u00edas sin comer. Y a ese (mal)trato habr\u00eda que sumar el de los servicios sanitarios (Sergas), que hasta el pasado jueves 24, por la tarde, no activ\u00f3 el protocolo en casos de acciones de estas caracter\u00edsticas.<\/span><\/p>\n<p style=\"text-align: left;\"><span style=\"font-size: 10pt; font-family: 'trebuchet ms', geneva;\">De las 10 mujeres (Eva, Vicenta, \u00c9rika, Gemma, Fini, Gloria, A\u00edda, Mariluz, Cris y Sandra), 8 se mantienen en la huelga; las otras dos se han tenido que retirar por cuestiones sanitarias. Todas son madres, todas son v\u00edctimas de V.G., todas \u2013salvo una- tienen denuncias de sus maltratadores por no cumplir el r\u00e9gimen de visitas. Y una es la madre de un maltratador, y su compromiso est\u00e1 centrado en conseguir que se retire la custodia de su nieto a su hijo, que tambi\u00e9n la ha maltratado a ella y al que han impuesto una orden de alejamiento de su propia madre.<\/span><\/p>\n<p style=\"text-align: left;\"><span style=\"font-size: 10pt; font-family: 'trebuchet ms', geneva;\">Parece claro el motor de la lucha colectiva que est\u00e1n llevando adelante: exigir que en los juzgados de V.G. se cumpla la ley y que se proteja a las mujeres maltratadas y a sus hijos\/as.<\/span><\/p>\n<p style=\"text-align: left;\"><span style=\"font-size: 10pt; font-family: 'trebuchet ms', geneva;\">Sin embargo, pocos apoyos est\u00e1n encontrando en su camino. Ning\u00fan grupo parlamentario auton\u00f3mico ha recogido sus demandas y las ha hecho suyas. Su interlocuci\u00f3n con el Partido Popular es en solitario, hasta donde lleguen sus fuerzas, sin presi\u00f3n social, sin presi\u00f3n parlamentaria, sin presi\u00f3n medi\u00e1tica. Y con una soledad incomprensible, porque ninguna asociaci\u00f3n de mujeres, que trabaje contra la V.G. o que re\u00fana a mujeres con intereses transformadores se ha volcado en apoyarlas.<\/span><\/p>\n<p style=\"text-align: left;\"><span style=\"font-size: 10pt; font-family: 'trebuchet ms', geneva;\">Quiz\u00e1s la clave de esta &#8216;soledad&#8217; est\u00e9 en una caracter\u00edstica que parece recorrer a todas las mujeres de Ve-la luz, tanto las que est\u00e1n en huelga como las que mantienen la red de apoyo que cuida de los hijos e hijas y de las necesidades familiares de las huelguistas: no son v\u00edctimas victimizadas. Son v\u00edctimas formadas, rompen con el estereotipo, dirigen sus designios directamente. No necesitan tutelas, ni portavoces. Un ejemplo claro de ello es Gloria V\u00e1zquez, presidenta y portavoz de Ve-la luz.<\/span><\/p>\n<p style=\"text-align: left;\"><span style=\"font-size: 10pt; font-family: 'trebuchet ms', geneva;\">Gloria se\u00f1ala con claridad la importancia de que sean las propias v\u00edctimas las que se enfrentan a las demandas, las que hacen la huelga &#8220;que no encierro, porque las que tienen empleo van a \u00e9l y vienen aqu\u00ed a dormir&#8221;. Aqu\u00ed es un local-campamento, con humedades, cerca de la Audiencia Provincial de A Coru\u00f1a.<\/span><\/p>\n<p style=\"text-align: left;\"><span style=\"font-size: 10pt; font-family: 'trebuchet ms', geneva;\">Gloria envuelve con la fuerza de su discurso. No es s\u00f3lo una mujer comprometida y concienciada. Se ha ido formando en todos los temas, sobre todo judiciales, que rodean la violencia de g\u00e9nero. No se arredra ni ante el poder judicial ni ante el poder pol\u00edtico. Tiene 40 a\u00f1os y me cuenta que enseguida se dio cuenta de la necesidad de estudiar para conocer y entender en qu\u00e9 estaban metidas como mujeres v\u00edctimas de V.G. Cuando le pregunto por la huelga, dice sin titubear: &#8220;Nos quitaron tanto, que nos quitaron hasta el miedo&#8221;. Y parafraseando a Karl Marx: &#8220;No tenemos nada que perder y mucho que ganar&#8221;.<\/span><\/p>\n<p style=\"text-align: left;\"><span style=\"font-size: 10pt; font-family: 'trebuchet ms', geneva;\">Para Gloria, la escasa repercusi\u00f3n de la huelga en los medios de comunicaci\u00f3n viene dada porque &#8220;los grandes medios reciben ayudas (publicidad) de los gobiernos de turno&#8221;. Adem\u00e1s, ya sabemos que quienes deciden en estos medios no parecen considerar a las mujeres como sujetos de noticia, sino como objetos y v\u00edctimas. Ellos, los que deciden, son parte de un modelo que considera a las mujeres v\u00edctimas propiciatorias, no cuestionan los motivos de la huelga, simplemente la ignoran.<\/span><\/p>\n<p style=\"text-align: left;\"><span style=\"font-size: 10pt; font-family: 'trebuchet ms', geneva;\">No duda cuando dice: &#8220;nuestra huelga de hambre visibiliza el proceso de huelga de hambre permanente al que se somete a las v\u00edctimas, con juicios, procesos, pago de abogados&#8230;&#8221; por no cumplir el r\u00e9gimen de visitas. Me lo cuenta a la puerta del local-campamento, mientras se prepara para ir a comprar una calabaza para el halloween de su hijo&#8230; porque ellas si tienen claro cu\u00e1l es el bien a proteger.<\/span><\/p>\n","protected":false},"excerpt":{"rendered":"<p>\u00a0 Gloria V\u00e1zquez, a la izquierda., A\u00edda Blanco, a la derecha, ambas en huelga de hambre. Abajo, Susana Viqueira, de la red de apoyo de Ve-la Luz a la huelga. \/ B. CaoGloria V\u00e1zquez, a la izquierda; A\u00edda Blanco, a [&hellip;]<\/p>\n","protected":false},"author":94,"featured_media":0,"comment_status":"open","ping_status":"","sticky":false,"template":"","format":"standard","meta":{"footnotes":""},"categories":[26395],"tags":[],"class_list":["post-59389","post","type-post","status-publish","format-standard","hentry","category-25n"],"yoast_head":"<!-- This site is optimized with the Yoast SEO plugin v27.4 - https:\/\/yoast.com\/product\/yoast-seo-wordpress\/ -->\n<title>Mujeres v\u00edctimas de violencia de g\u00e9nero: una huelga de hambre silenciada-Berta Cao * | La Independent<\/title>\n<meta name=\"description\" content=\"\u00a0 Gloria V\u00e1zquez, a la izquierda., A\u00edda Blanco, a la derecha, ambas en huelga de hambre. Abajo, Susana Viqueira, de la red de apoyo de Ve-la Luz a la\" \/>\n<meta name=\"robots\" content=\"index, follow, max-snippet:-1, max-image-preview:large, max-video-preview:-1\" \/>\n<link rel=\"canonical\" href=\"https:\/\/laindependent.cat\/en\/mujeres-victimas-de-violencia-de-genero-una-huelga-de-hambre-silenciada-berta-cao\/\" \/>\n<meta property=\"og:locale\" content=\"en_US\" \/>\n<meta property=\"og:type\" content=\"article\" \/>\n<meta property=\"og:title\" content=\"Mujeres v\u00edctimas de violencia de g\u00e9nero: una huelga de hambre silenciada-Berta Cao * | La Independent\" \/>\n<meta property=\"og:description\" content=\"\u00a0 Gloria V\u00e1zquez, a la izquierda., A\u00edda Blanco, a la derecha, ambas en huelga de hambre. Abajo, Susana Viqueira, de la red de apoyo de Ve-la Luz a la\" \/>\n<meta property=\"og:url\" content=\"https:\/\/laindependent.cat\/en\/mujeres-victimas-de-violencia-de-genero-una-huelga-de-hambre-silenciada-berta-cao\/\" \/>\n<meta property=\"og:site_name\" content=\"La Independent\" \/>\n<meta property=\"article:published_time\" content=\"2013-11-23T23:10:27+00:00\" \/>\n<meta property=\"article:modified_time\" content=\"2023-05-12T17:27:13+00:00\" \/>\n<meta name=\"author\" content=\"Amada Santos\" \/>\n<meta name=\"twitter:card\" content=\"summary_large_image\" \/>\n<meta name=\"twitter:label1\" content=\"Written by\" \/>\n\t<meta name=\"twitter:data1\" content=\"Amada Santos\" \/>\n\t<meta name=\"twitter:label2\" content=\"Est. reading time\" \/>\n\t<meta name=\"twitter:data2\" content=\"6 minutes\" \/>\n<script type=\"application\/ld+json\" class=\"yoast-schema-graph\">{\"@context\":\"https:\\\/\\\/schema.org\",\"@graph\":[{\"@type\":\"Article\",\"@id\":\"https:\\\/\\\/laindependent.cat\\\/en\\\/mujeres-victimas-de-violencia-de-genero-una-huelga-de-hambre-silenciada-berta-cao\\\/#article\",\"isPartOf\":{\"@id\":\"https:\\\/\\\/laindependent.cat\\\/en\\\/mujeres-victimas-de-violencia-de-genero-una-huelga-de-hambre-silenciada-berta-cao\\\/\"},\"author\":{\"name\":\"Amada Santos\",\"@id\":\"https:\\\/\\\/laindependent.cat\\\/en\\\/#\\\/schema\\\/person\\\/c0bbc88d6bb99ffe6206fec7daa8d5f1\"},\"headline\":\"Mujeres v\u00edctimas de violencia de g\u00e9nero: una huelga de hambre silenciada-Berta Cao *\",\"datePublished\":\"2013-11-23T23:10:27+00:00\",\"dateModified\":\"2023-05-12T17:27:13+00:00\",\"mainEntityOfPage\":{\"@id\":\"https:\\\/\\\/laindependent.cat\\\/en\\\/mujeres-victimas-de-violencia-de-genero-una-huelga-de-hambre-silenciada-berta-cao\\\/\"},\"wordCount\":1279,\"commentCount\":0,\"publisher\":{\"@id\":\"https:\\\/\\\/laindependent.cat\\\/en\\\/#organization\"},\"articleSection\":[\"25N\"],\"inLanguage\":\"en-US\",\"potentialAction\":[{\"@type\":\"CommentAction\",\"name\":\"Comment\",\"target\":[\"https:\\\/\\\/laindependent.cat\\\/en\\\/mujeres-victimas-de-violencia-de-genero-una-huelga-de-hambre-silenciada-berta-cao\\\/#respond\"]}]},{\"@type\":\"WebPage\",\"@id\":\"https:\\\/\\\/laindependent.cat\\\/en\\\/mujeres-victimas-de-violencia-de-genero-una-huelga-de-hambre-silenciada-berta-cao\\\/\",\"url\":\"https:\\\/\\\/laindependent.cat\\\/en\\\/mujeres-victimas-de-violencia-de-genero-una-huelga-de-hambre-silenciada-berta-cao\\\/\",\"name\":\"Mujeres v\u00edctimas de violencia de g\u00e9nero: una huelga de hambre silenciada-Berta Cao * | La Independent\",\"isPartOf\":{\"@id\":\"https:\\\/\\\/laindependent.cat\\\/en\\\/#website\"},\"datePublished\":\"2013-11-23T23:10:27+00:00\",\"dateModified\":\"2023-05-12T17:27:13+00:00\",\"description\":\"\u00a0 Gloria V\u00e1zquez, a la izquierda., A\u00edda Blanco, a la derecha, ambas en huelga de hambre. Abajo, Susana Viqueira, de la red de apoyo de Ve-la Luz a la\",\"breadcrumb\":{\"@id\":\"https:\\\/\\\/laindependent.cat\\\/en\\\/mujeres-victimas-de-violencia-de-genero-una-huelga-de-hambre-silenciada-berta-cao\\\/#breadcrumb\"},\"inLanguage\":\"en-US\",\"potentialAction\":[{\"@type\":\"ReadAction\",\"target\":[\"https:\\\/\\\/laindependent.cat\\\/en\\\/mujeres-victimas-de-violencia-de-genero-una-huelga-de-hambre-silenciada-berta-cao\\\/\"]}]},{\"@type\":\"BreadcrumbList\",\"@id\":\"https:\\\/\\\/laindependent.cat\\\/en\\\/mujeres-victimas-de-violencia-de-genero-una-huelga-de-hambre-silenciada-berta-cao\\\/#breadcrumb\",\"itemListElement\":[{\"@type\":\"ListItem\",\"position\":1,\"name\":\"Inici\",\"item\":\"https:\\\/\\\/laindependent.cat\\\/en\\\/\"},{\"@type\":\"ListItem\",\"position\":2,\"name\":\"25N 2022\",\"item\":\"https:\\\/\\\/laindependent.cat\\\/en\\\/tema\\\/25n-2022-en\\\/\"},{\"@type\":\"ListItem\",\"position\":3,\"name\":\"Mujeres v\u00edctimas de violencia de g\u00e9nero: una huelga de hambre silenciada-Berta Cao *\"}]},{\"@type\":\"WebSite\",\"@id\":\"https:\\\/\\\/laindependent.cat\\\/en\\\/#website\",\"url\":\"https:\\\/\\\/laindependent.cat\\\/en\\\/\",\"name\":\"La Independent\",\"description\":\"Ag\u00e8ncia de not\u00edcies amb visi\u00f3 de g\u00e8nere\",\"publisher\":{\"@id\":\"https:\\\/\\\/laindependent.cat\\\/en\\\/#organization\"},\"alternateName\":\"Ag\u00e8ncia de not\u00edcies amb visi\u00f3 de g\u00e8nere\",\"potentialAction\":[{\"@type\":\"SearchAction\",\"target\":{\"@type\":\"EntryPoint\",\"urlTemplate\":\"https:\\\/\\\/laindependent.cat\\\/en\\\/?s={search_term_string}\"},\"query-input\":{\"@type\":\"PropertyValueSpecification\",\"valueRequired\":true,\"valueName\":\"search_term_string\"}}],\"inLanguage\":\"en-US\"},{\"@type\":\"Organization\",\"@id\":\"https:\\\/\\\/laindependent.cat\\\/en\\\/#organization\",\"name\":\"La Independent\",\"alternateName\":\"Ag\u00e8ncia de not\u00edcies amb visi\u00f3 de g\u00e8nere\",\"url\":\"https:\\\/\\\/laindependent.cat\\\/en\\\/\",\"logo\":{\"@type\":\"ImageObject\",\"inLanguage\":\"en-US\",\"@id\":\"https:\\\/\\\/laindependent.cat\\\/en\\\/#\\\/schema\\\/logo\\\/image\\\/\",\"url\":\"https:\\\/\\\/laindependent.cat\\\/wp-content\\\/uploads\\\/2022\\\/10\\\/logo-independent.svg\",\"contentUrl\":\"https:\\\/\\\/laindependent.cat\\\/wp-content\\\/uploads\\\/2022\\\/10\\\/logo-independent.svg\",\"width\":562,\"height\":78,\"caption\":\"La Independent\"},\"image\":{\"@id\":\"https:\\\/\\\/laindependent.cat\\\/en\\\/#\\\/schema\\\/logo\\\/image\\\/\"}},{\"@type\":\"Person\",\"@id\":\"https:\\\/\\\/laindependent.cat\\\/en\\\/#\\\/schema\\\/person\\\/c0bbc88d6bb99ffe6206fec7daa8d5f1\",\"name\":\"Amada Santos\",\"image\":{\"@type\":\"ImageObject\",\"inLanguage\":\"en-US\",\"@id\":\"https:\\\/\\\/secure.gravatar.com\\\/avatar\\\/ddc329d5c10903319ef8e7bfda1f33c1798763e44bd30548785c262d0a7d5683?s=96&d=blank&r=g\",\"url\":\"https:\\\/\\\/secure.gravatar.com\\\/avatar\\\/ddc329d5c10903319ef8e7bfda1f33c1798763e44bd30548785c262d0a7d5683?s=96&d=blank&r=g\",\"contentUrl\":\"https:\\\/\\\/secure.gravatar.com\\\/avatar\\\/ddc329d5c10903319ef8e7bfda1f33c1798763e44bd30548785c262d0a7d5683?s=96&d=blank&r=g\",\"caption\":\"Amada Santos\"},\"description\":\"Fotoperiodista i Soci\u00f3loga. Activista Feminista, Defensora DDHH i Cooperant. Presidenta de la XIDPIC.Cat. Co-coordinadora i Editora de La Independent. Coordinadora Internacional a la RIPVG\",\"url\":\"https:\\\/\\\/laindependent.cat\\\/en\\\/author\\\/amada-santos\\\/\"}]}<\/script>\n<!-- \/ Yoast SEO plugin. -->","yoast_head_json":{"title":"Mujeres v\u00edctimas de violencia de g\u00e9nero: una huelga de hambre silenciada-Berta Cao * | La Independent","description":"\u00a0 Gloria V\u00e1zquez, a la izquierda., A\u00edda Blanco, a la derecha, ambas en huelga de hambre. Abajo, Susana Viqueira, de la red de apoyo de Ve-la Luz a la","robots":{"index":"index","follow":"follow","max-snippet":"max-snippet:-1","max-image-preview":"max-image-preview:large","max-video-preview":"max-video-preview:-1"},"canonical":"https:\/\/laindependent.cat\/en\/mujeres-victimas-de-violencia-de-genero-una-huelga-de-hambre-silenciada-berta-cao\/","og_locale":"en_US","og_type":"article","og_title":"Mujeres v\u00edctimas de violencia de g\u00e9nero: una huelga de hambre silenciada-Berta Cao * | La Independent","og_description":"\u00a0 Gloria V\u00e1zquez, a la izquierda., A\u00edda Blanco, a la derecha, ambas en huelga de hambre. Abajo, Susana Viqueira, de la red de apoyo de Ve-la Luz a la","og_url":"https:\/\/laindependent.cat\/en\/mujeres-victimas-de-violencia-de-genero-una-huelga-de-hambre-silenciada-berta-cao\/","og_site_name":"La Independent","article_published_time":"2013-11-23T23:10:27+00:00","article_modified_time":"2023-05-12T17:27:13+00:00","author":"Amada Santos","twitter_card":"summary_large_image","twitter_misc":{"Written by":"Amada Santos","Est. reading time":"6 minutes"},"schema":{"@context":"https:\/\/schema.org","@graph":[{"@type":"Article","@id":"https:\/\/laindependent.cat\/en\/mujeres-victimas-de-violencia-de-genero-una-huelga-de-hambre-silenciada-berta-cao\/#article","isPartOf":{"@id":"https:\/\/laindependent.cat\/en\/mujeres-victimas-de-violencia-de-genero-una-huelga-de-hambre-silenciada-berta-cao\/"},"author":{"name":"Amada Santos","@id":"https:\/\/laindependent.cat\/en\/#\/schema\/person\/c0bbc88d6bb99ffe6206fec7daa8d5f1"},"headline":"Mujeres v\u00edctimas de violencia de g\u00e9nero: una huelga de hambre silenciada-Berta Cao *","datePublished":"2013-11-23T23:10:27+00:00","dateModified":"2023-05-12T17:27:13+00:00","mainEntityOfPage":{"@id":"https:\/\/laindependent.cat\/en\/mujeres-victimas-de-violencia-de-genero-una-huelga-de-hambre-silenciada-berta-cao\/"},"wordCount":1279,"commentCount":0,"publisher":{"@id":"https:\/\/laindependent.cat\/en\/#organization"},"articleSection":["25N"],"inLanguage":"en-US","potentialAction":[{"@type":"CommentAction","name":"Comment","target":["https:\/\/laindependent.cat\/en\/mujeres-victimas-de-violencia-de-genero-una-huelga-de-hambre-silenciada-berta-cao\/#respond"]}]},{"@type":"WebPage","@id":"https:\/\/laindependent.cat\/en\/mujeres-victimas-de-violencia-de-genero-una-huelga-de-hambre-silenciada-berta-cao\/","url":"https:\/\/laindependent.cat\/en\/mujeres-victimas-de-violencia-de-genero-una-huelga-de-hambre-silenciada-berta-cao\/","name":"Mujeres v\u00edctimas de violencia de g\u00e9nero: una huelga de hambre silenciada-Berta Cao * | La Independent","isPartOf":{"@id":"https:\/\/laindependent.cat\/en\/#website"},"datePublished":"2013-11-23T23:10:27+00:00","dateModified":"2023-05-12T17:27:13+00:00","description":"\u00a0 Gloria V\u00e1zquez, a la izquierda., A\u00edda Blanco, a la derecha, ambas en huelga de hambre. Abajo, Susana Viqueira, de la red de apoyo de Ve-la Luz a la","breadcrumb":{"@id":"https:\/\/laindependent.cat\/en\/mujeres-victimas-de-violencia-de-genero-una-huelga-de-hambre-silenciada-berta-cao\/#breadcrumb"},"inLanguage":"en-US","potentialAction":[{"@type":"ReadAction","target":["https:\/\/laindependent.cat\/en\/mujeres-victimas-de-violencia-de-genero-una-huelga-de-hambre-silenciada-berta-cao\/"]}]},{"@type":"BreadcrumbList","@id":"https:\/\/laindependent.cat\/en\/mujeres-victimas-de-violencia-de-genero-una-huelga-de-hambre-silenciada-berta-cao\/#breadcrumb","itemListElement":[{"@type":"ListItem","position":1,"name":"Inici","item":"https:\/\/laindependent.cat\/en\/"},{"@type":"ListItem","position":2,"name":"25N 2022","item":"https:\/\/laindependent.cat\/en\/tema\/25n-2022-en\/"},{"@type":"ListItem","position":3,"name":"Mujeres v\u00edctimas de violencia de g\u00e9nero: una huelga de hambre silenciada-Berta Cao *"}]},{"@type":"WebSite","@id":"https:\/\/laindependent.cat\/en\/#website","url":"https:\/\/laindependent.cat\/en\/","name":"La Independent","description":"Ag\u00e8ncia de not\u00edcies amb visi\u00f3 de g\u00e8nere","publisher":{"@id":"https:\/\/laindependent.cat\/en\/#organization"},"alternateName":"Ag\u00e8ncia de not\u00edcies amb visi\u00f3 de g\u00e8nere","potentialAction":[{"@type":"SearchAction","target":{"@type":"EntryPoint","urlTemplate":"https:\/\/laindependent.cat\/en\/?s={search_term_string}"},"query-input":{"@type":"PropertyValueSpecification","valueRequired":true,"valueName":"search_term_string"}}],"inLanguage":"en-US"},{"@type":"Organization","@id":"https:\/\/laindependent.cat\/en\/#organization","name":"La Independent","alternateName":"Ag\u00e8ncia de not\u00edcies amb visi\u00f3 de g\u00e8nere","url":"https:\/\/laindependent.cat\/en\/","logo":{"@type":"ImageObject","inLanguage":"en-US","@id":"https:\/\/laindependent.cat\/en\/#\/schema\/logo\/image\/","url":"https:\/\/laindependent.cat\/wp-content\/uploads\/2022\/10\/logo-independent.svg","contentUrl":"https:\/\/laindependent.cat\/wp-content\/uploads\/2022\/10\/logo-independent.svg","width":562,"height":78,"caption":"La Independent"},"image":{"@id":"https:\/\/laindependent.cat\/en\/#\/schema\/logo\/image\/"}},{"@type":"Person","@id":"https:\/\/laindependent.cat\/en\/#\/schema\/person\/c0bbc88d6bb99ffe6206fec7daa8d5f1","name":"Amada Santos","image":{"@type":"ImageObject","inLanguage":"en-US","@id":"https:\/\/secure.gravatar.com\/avatar\/ddc329d5c10903319ef8e7bfda1f33c1798763e44bd30548785c262d0a7d5683?s=96&d=blank&r=g","url":"https:\/\/secure.gravatar.com\/avatar\/ddc329d5c10903319ef8e7bfda1f33c1798763e44bd30548785c262d0a7d5683?s=96&d=blank&r=g","contentUrl":"https:\/\/secure.gravatar.com\/avatar\/ddc329d5c10903319ef8e7bfda1f33c1798763e44bd30548785c262d0a7d5683?s=96&d=blank&r=g","caption":"Amada Santos"},"description":"Fotoperiodista i Soci\u00f3loga. Activista Feminista, Defensora DDHH i Cooperant. Presidenta de la XIDPIC.Cat. Co-coordinadora i Editora de La Independent. Coordinadora Internacional a la RIPVG","url":"https:\/\/laindependent.cat\/en\/author\/amada-santos\/"}]}},"_links":{"self":[{"href":"https:\/\/laindependent.cat\/en\/wp-json\/wp\/v2\/posts\/59389","targetHints":{"allow":["GET"]}}],"collection":[{"href":"https:\/\/laindependent.cat\/en\/wp-json\/wp\/v2\/posts"}],"about":[{"href":"https:\/\/laindependent.cat\/en\/wp-json\/wp\/v2\/types\/post"}],"author":[{"embeddable":true,"href":"https:\/\/laindependent.cat\/en\/wp-json\/wp\/v2\/users\/94"}],"replies":[{"embeddable":true,"href":"https:\/\/laindependent.cat\/en\/wp-json\/wp\/v2\/comments?post=59389"}],"version-history":[{"count":0,"href":"https:\/\/laindependent.cat\/en\/wp-json\/wp\/v2\/posts\/59389\/revisions"}],"wp:attachment":[{"href":"https:\/\/laindependent.cat\/en\/wp-json\/wp\/v2\/media?parent=59389"}],"wp:term":[{"taxonomy":"category","embeddable":true,"href":"https:\/\/laindependent.cat\/en\/wp-json\/wp\/v2\/categories?post=59389"},{"taxonomy":"post_tag","embeddable":true,"href":"https:\/\/laindependent.cat\/en\/wp-json\/wp\/v2\/tags?post=59389"}],"curies":[{"name":"wp","href":"https:\/\/api.w.org\/{rel}","templated":true}]}}