{"id":58871,"date":"2013-05-28T20:48:26","date_gmt":"2013-05-28T18:48:26","guid":{"rendered":"https:\/\/laindependent.cat\/una-dona-assassinada-i-una-altra-greu-per-violencia-masclista-a-caldes-de-malavella-la-independentnoticies-genere\/"},"modified":"2013-05-28T20:48:26","modified_gmt":"2013-05-28T18:48:26","slug":"una-dona-assassinada-i-una-altra-greu-per-violencia-masclista-a-caldes-de-malavella-la-independentnoticies-genere","status":"publish","type":"post","link":"https:\/\/laindependent.cat\/en\/una-dona-assassinada-i-una-altra-greu-per-violencia-masclista-a-caldes-de-malavella-la-independentnoticies-genere\/","title":{"rendered":"Una dona assassinada i una altra greu per viol\u00e8ncia masclista a Caldes de Malavella \/La Independent\/Not\u00edcies g\u00e8nere"},"content":{"rendered":"<p style=\"text-align: left;\"><strong><span style=\"font-family: trebuchet ms,geneva; font-size: 10pt;\">El Govern condemna l&#8217;homicidi i l&#8217;agressi\u00f3 greu a dues dones a Caldes de Malavella v\u00edctimes de la viol\u00e8ncia masclista<\/span><\/strong><\/p>\n<p style=\"text-align: left;\">\u00a0<\/p>\n<p style=\"text-align: left;\"><span style=\"font-family: trebuchet ms,geneva; font-size: 10pt;\"><strong>Montse Gatell<\/strong>, presidenta de l&#8217;Institut Catal\u00e0 de les Dones (ICD), condemna en\u00e8rgicament l&#8217;homicidi d&#8217;una dona a Caldes de Malavella i l&#8217;agressi\u00f3 greu a una altra dona, presumptament a mans de la parella d&#8217;aquesta \u00faltima, i expressa el seu sentit condol a la fam\u00edlia de la v\u00edctima.<\/span><\/p>\n<p style=\"text-align: left;\"><span style=\"font-family: trebuchet ms,geneva; font-size: 10pt;\">La  presidenta de l&#8217;ICD ha recordat que &#8220;una de les causes que  dificulta que es pugui avan\u00e7ar m\u00e9s r\u00e0pidament en la lluita contra  aquesta xacra \u00e9s la naturalitzaci\u00f3 social d&#8217;aquesta viol\u00e8ncia i la seva  manca d&#8217;identificaci\u00f3 per part de les pr\u00f2pies v\u00edctimes i el seu entorn  m\u00e9s immediat&#8221;.<\/span><\/p>\n<p><!--more--><\/p>\n<p style=\"text-align: left;\"><span style=\"font-family: trebuchet ms,geneva; font-size: 10pt;\">Tamb\u00e9 ha  insistit que les dones que es trobin en aquesta situaci\u00f3 o les persones  del seu entorn no dubtin en trucar al tel\u00e8fon 900 900 120 (servei 24 hores, confidencial i gratu\u00eft), o que s&#8217;adrecin a algun dels  serveis municipals o comarcals d&#8217;informaci\u00f3 i atenci\u00f3 a les dones (SIAD)  que ofereixen atenci\u00f3 de proximitat  a tota Catalunya.<\/span><\/p>\n<p style=\"text-align: left;\"><span style=\"font-family: trebuchet ms,geneva; font-size: 10pt;\"><strong>Gatell<\/strong> afirma que s&#8217;estan fent aven\u00e7os importants contra la viol\u00e8ncia masclista i ha posat com exemple que &#8220;cada cop tenim professionals m\u00e9s ben formats i s&#8217;est\u00e0 avan\u00e7ant en dissenyar eines que poden ajudar-los a atendre dones que travessen situacions de viol\u00e8ncia masclista valorant-ne el risc que succeeixin a curt termini actes violents greus per part d&#8217;una parella. \u00c9s un camp altament complex, per\u00f2 s&#8217;hi est\u00e0 avan\u00e7ant&#8221;.<\/span><\/p>\n<p><\/p>\n","protected":false},"excerpt":{"rendered":"<p>El Govern condemna l&#8217;homicidi i l&#8217;agressi\u00f3 greu a dues dones a Caldes de Malavella v\u00edctimes de la viol\u00e8ncia masclista \u00a0 Montse Gatell, presidenta de l&#8217;Institut Catal\u00e0 de les Dones (ICD), condemna en\u00e8rgicament l&#8217;homicidi d&#8217;una dona a Caldes de Malavella i [&hellip;]<\/p>\n","protected":false},"author":72,"featured_media":0,"comment_status":"open","ping_status":"","sticky":false,"template":"","format":"standard","meta":{"footnotes":""},"categories":[26470],"tags":[],"class_list":["post-58871","post","type-post","status-publish","format-standard","hentry","category-violencia-masclista"],"yoast_head":"<!-- This site is optimized with the Yoast SEO plugin v27.4 - https:\/\/yoast.com\/product\/yoast-seo-wordpress\/ -->\n<title>Una dona assassinada i una altra greu per viol\u00e8ncia masclista a Caldes de Malavella \/La Independent\/Not\u00edcies g\u00e8nere | La Independent<\/title>\n<meta name=\"description\" content=\"El Govern condemna l&#039;homicidi i l&#039;agressi\u00f3 greu a dues dones a Caldes de Malavella v\u00edctimes de la viol\u00e8ncia masclista \u00a0 Montse Gatell, presidenta de\" \/>\n<meta name=\"robots\" content=\"index, follow, max-snippet:-1, max-image-preview:large, max-video-preview:-1\" \/>\n<link rel=\"canonical\" href=\"https:\/\/laindependent.cat\/en\/una-dona-assassinada-i-una-altra-greu-per-violencia-masclista-a-caldes-de-malavella-la-independentnoticies-genere\/\" \/>\n<meta property=\"og:locale\" content=\"en_US\" \/>\n<meta property=\"og:type\" content=\"article\" \/>\n<meta property=\"og:title\" content=\"Una dona assassinada i una altra greu per viol\u00e8ncia masclista a Caldes de Malavella \/La Independent\/Not\u00edcies g\u00e8nere | La Independent\" \/>\n<meta property=\"og:description\" content=\"El Govern condemna l&#039;homicidi i l&#039;agressi\u00f3 greu a dues dones a Caldes de Malavella v\u00edctimes de la viol\u00e8ncia masclista \u00a0 Montse Gatell, presidenta de\" \/>\n<meta property=\"og:url\" content=\"https:\/\/laindependent.cat\/en\/una-dona-assassinada-i-una-altra-greu-per-violencia-masclista-a-caldes-de-malavella-la-independentnoticies-genere\/\" \/>\n<meta property=\"og:site_name\" content=\"La Independent\" \/>\n<meta property=\"article:author\" content=\"https:\/\/www.facebook.com\/tona.gusi\" \/>\n<meta property=\"article:published_time\" content=\"2013-05-28T18:48:26+00:00\" \/>\n<meta name=\"author\" content=\"Tona Gusi\" \/>\n<meta name=\"twitter:card\" content=\"summary_large_image\" \/>\n<meta name=\"twitter:creator\" content=\"@https:\/\/twitter.com\/tonagusi\" \/>\n<meta name=\"twitter:label1\" content=\"Written by\" \/>\n\t<meta name=\"twitter:data1\" content=\"Tona Gusi\" \/>\n\t<meta name=\"twitter:label2\" content=\"Est. reading time\" \/>\n\t<meta name=\"twitter:data2\" content=\"1 minute\" \/>\n<script type=\"application\/ld+json\" class=\"yoast-schema-graph\">{\"@context\":\"https:\\\/\\\/schema.org\",\"@graph\":[{\"@type\":\"Article\",\"@id\":\"https:\\\/\\\/laindependent.cat\\\/en\\\/una-dona-assassinada-i-una-altra-greu-per-violencia-masclista-a-caldes-de-malavella-la-independentnoticies-genere\\\/#article\",\"isPartOf\":{\"@id\":\"https:\\\/\\\/laindependent.cat\\\/en\\\/una-dona-assassinada-i-una-altra-greu-per-violencia-masclista-a-caldes-de-malavella-la-independentnoticies-genere\\\/\"},\"author\":{\"name\":\"Tona Gusi\",\"@id\":\"https:\\\/\\\/laindependent.cat\\\/en\\\/#\\\/schema\\\/person\\\/48977a569b250ff82a4929194239bcc9\"},\"headline\":\"Una dona assassinada i una altra greu per viol\u00e8ncia masclista a Caldes de Malavella \\\/La Independent\\\/Not\u00edcies g\u00e8nere\",\"datePublished\":\"2013-05-28T18:48:26+00:00\",\"mainEntityOfPage\":{\"@id\":\"https:\\\/\\\/laindependent.cat\\\/en\\\/una-dona-assassinada-i-una-altra-greu-per-violencia-masclista-a-caldes-de-malavella-la-independentnoticies-genere\\\/\"},\"wordCount\":290,\"commentCount\":0,\"publisher\":{\"@id\":\"https:\\\/\\\/laindependent.cat\\\/en\\\/#organization\"},\"articleSection\":[\"Viol\u00e8ncia masclista\"],\"inLanguage\":\"en-US\",\"potentialAction\":[{\"@type\":\"CommentAction\",\"name\":\"Comment\",\"target\":[\"https:\\\/\\\/laindependent.cat\\\/en\\\/una-dona-assassinada-i-una-altra-greu-per-violencia-masclista-a-caldes-de-malavella-la-independentnoticies-genere\\\/#respond\"]}]},{\"@type\":\"WebPage\",\"@id\":\"https:\\\/\\\/laindependent.cat\\\/en\\\/una-dona-assassinada-i-una-altra-greu-per-violencia-masclista-a-caldes-de-malavella-la-independentnoticies-genere\\\/\",\"url\":\"https:\\\/\\\/laindependent.cat\\\/en\\\/una-dona-assassinada-i-una-altra-greu-per-violencia-masclista-a-caldes-de-malavella-la-independentnoticies-genere\\\/\",\"name\":\"Una dona assassinada i una altra greu per viol\u00e8ncia masclista a Caldes de Malavella \\\/La Independent\\\/Not\u00edcies g\u00e8nere | La Independent\",\"isPartOf\":{\"@id\":\"https:\\\/\\\/laindependent.cat\\\/en\\\/#website\"},\"datePublished\":\"2013-05-28T18:48:26+00:00\",\"description\":\"El Govern condemna l'homicidi i l'agressi\u00f3 greu a dues dones a Caldes de Malavella v\u00edctimes de la viol\u00e8ncia masclista \u00a0 Montse Gatell, presidenta de\",\"breadcrumb\":{\"@id\":\"https:\\\/\\\/laindependent.cat\\\/en\\\/una-dona-assassinada-i-una-altra-greu-per-violencia-masclista-a-caldes-de-malavella-la-independentnoticies-genere\\\/#breadcrumb\"},\"inLanguage\":\"en-US\",\"potentialAction\":[{\"@type\":\"ReadAction\",\"target\":[\"https:\\\/\\\/laindependent.cat\\\/en\\\/una-dona-assassinada-i-una-altra-greu-per-violencia-masclista-a-caldes-de-malavella-la-independentnoticies-genere\\\/\"]}]},{\"@type\":\"BreadcrumbList\",\"@id\":\"https:\\\/\\\/laindependent.cat\\\/en\\\/una-dona-assassinada-i-una-altra-greu-per-violencia-masclista-a-caldes-de-malavella-la-independentnoticies-genere\\\/#breadcrumb\",\"itemListElement\":[{\"@type\":\"ListItem\",\"position\":1,\"name\":\"Inici\",\"item\":\"https:\\\/\\\/laindependent.cat\\\/en\\\/\"},{\"@type\":\"ListItem\",\"position\":2,\"name\":\"Violence\",\"item\":\"https:\\\/\\\/laindependent.cat\\\/en\\\/tema\\\/violence\\\/\"},{\"@type\":\"ListItem\",\"position\":3,\"name\":\"Male violence\",\"item\":\"https:\\\/\\\/laindependent.cat\\\/en\\\/tema\\\/violence\\\/male-violence\\\/\"},{\"@type\":\"ListItem\",\"position\":4,\"name\":\"Una dona assassinada i una altra greu per viol\u00e8ncia masclista a Caldes de Malavella \\\/La Independent\\\/Not\u00edcies g\u00e8nere\"}]},{\"@type\":\"WebSite\",\"@id\":\"https:\\\/\\\/laindependent.cat\\\/en\\\/#website\",\"url\":\"https:\\\/\\\/laindependent.cat\\\/en\\\/\",\"name\":\"La Independent\",\"description\":\"Ag\u00e8ncia de not\u00edcies amb visi\u00f3 de g\u00e8nere\",\"publisher\":{\"@id\":\"https:\\\/\\\/laindependent.cat\\\/en\\\/#organization\"},\"alternateName\":\"Ag\u00e8ncia de not\u00edcies amb visi\u00f3 de g\u00e8nere\",\"potentialAction\":[{\"@type\":\"SearchAction\",\"target\":{\"@type\":\"EntryPoint\",\"urlTemplate\":\"https:\\\/\\\/laindependent.cat\\\/en\\\/?s={search_term_string}\"},\"query-input\":{\"@type\":\"PropertyValueSpecification\",\"valueRequired\":true,\"valueName\":\"search_term_string\"}}],\"inLanguage\":\"en-US\"},{\"@type\":\"Organization\",\"@id\":\"https:\\\/\\\/laindependent.cat\\\/en\\\/#organization\",\"name\":\"La Independent\",\"alternateName\":\"Ag\u00e8ncia de not\u00edcies amb visi\u00f3 de g\u00e8nere\",\"url\":\"https:\\\/\\\/laindependent.cat\\\/en\\\/\",\"logo\":{\"@type\":\"ImageObject\",\"inLanguage\":\"en-US\",\"@id\":\"https:\\\/\\\/laindependent.cat\\\/en\\\/#\\\/schema\\\/logo\\\/image\\\/\",\"url\":\"https:\\\/\\\/laindependent.cat\\\/wp-content\\\/uploads\\\/2022\\\/10\\\/logo-independent.svg\",\"contentUrl\":\"https:\\\/\\\/laindependent.cat\\\/wp-content\\\/uploads\\\/2022\\\/10\\\/logo-independent.svg\",\"width\":562,\"height\":78,\"caption\":\"La Independent\"},\"image\":{\"@id\":\"https:\\\/\\\/laindependent.cat\\\/en\\\/#\\\/schema\\\/logo\\\/image\\\/\"}},{\"@type\":\"Person\",\"@id\":\"https:\\\/\\\/laindependent.cat\\\/en\\\/#\\\/schema\\\/person\\\/48977a569b250ff82a4929194239bcc9\",\"name\":\"Tona Gusi\",\"image\":{\"@type\":\"ImageObject\",\"inLanguage\":\"en-US\",\"@id\":\"https:\\\/\\\/secure.gravatar.com\\\/avatar\\\/d09891f52233d2ed7c2e066fc06640e576202983bf7f713e372185f035ac5f67?s=96&d=blank&r=g\",\"url\":\"https:\\\/\\\/secure.gravatar.com\\\/avatar\\\/d09891f52233d2ed7c2e066fc06640e576202983bf7f713e372185f035ac5f67?s=96&d=blank&r=g\",\"contentUrl\":\"https:\\\/\\\/secure.gravatar.com\\\/avatar\\\/d09891f52233d2ed7c2e066fc06640e576202983bf7f713e372185f035ac5f67?s=96&d=blank&r=g\",\"caption\":\"Tona Gusi\"},\"description\":\"Fundadora i Co-coordinadora de La Independent. Tamb\u00e9 \u00e9s psic\u00f2loga menci\u00f3 en Psicologia d'Intervenci\u00f3 Cl\u00ednica i menci\u00f3 en Psicologia del Treball i les Organitzacions.\",\"sameAs\":[\"https:\\\/\\\/www.facebook.com\\\/tona.gusi\",\"https:\\\/\\\/x.com\\\/https:\\\/\\\/twitter.com\\\/tonagusi\"],\"url\":\"https:\\\/\\\/laindependent.cat\\\/en\\\/author\\\/tona-gusi\\\/\"}]}<\/script>\n<!-- \/ Yoast SEO plugin. -->","yoast_head_json":{"title":"Una dona assassinada i una altra greu per viol\u00e8ncia masclista a Caldes de Malavella \/La Independent\/Not\u00edcies g\u00e8nere | La Independent","description":"El Govern condemna l'homicidi i l'agressi\u00f3 greu a dues dones a Caldes de Malavella v\u00edctimes de la viol\u00e8ncia masclista \u00a0 Montse Gatell, presidenta de","robots":{"index":"index","follow":"follow","max-snippet":"max-snippet:-1","max-image-preview":"max-image-preview:large","max-video-preview":"max-video-preview:-1"},"canonical":"https:\/\/laindependent.cat\/en\/una-dona-assassinada-i-una-altra-greu-per-violencia-masclista-a-caldes-de-malavella-la-independentnoticies-genere\/","og_locale":"en_US","og_type":"article","og_title":"Una dona assassinada i una altra greu per viol\u00e8ncia masclista a Caldes de Malavella \/La Independent\/Not\u00edcies g\u00e8nere | La Independent","og_description":"El Govern condemna l'homicidi i l'agressi\u00f3 greu a dues dones a Caldes de Malavella v\u00edctimes de la viol\u00e8ncia masclista \u00a0 Montse Gatell, presidenta de","og_url":"https:\/\/laindependent.cat\/en\/una-dona-assassinada-i-una-altra-greu-per-violencia-masclista-a-caldes-de-malavella-la-independentnoticies-genere\/","og_site_name":"La Independent","article_author":"https:\/\/www.facebook.com\/tona.gusi","article_published_time":"2013-05-28T18:48:26+00:00","author":"Tona Gusi","twitter_card":"summary_large_image","twitter_creator":"@https:\/\/twitter.com\/tonagusi","twitter_misc":{"Written by":"Tona Gusi","Est. reading time":"1 minute"},"schema":{"@context":"https:\/\/schema.org","@graph":[{"@type":"Article","@id":"https:\/\/laindependent.cat\/en\/una-dona-assassinada-i-una-altra-greu-per-violencia-masclista-a-caldes-de-malavella-la-independentnoticies-genere\/#article","isPartOf":{"@id":"https:\/\/laindependent.cat\/en\/una-dona-assassinada-i-una-altra-greu-per-violencia-masclista-a-caldes-de-malavella-la-independentnoticies-genere\/"},"author":{"name":"Tona Gusi","@id":"https:\/\/laindependent.cat\/en\/#\/schema\/person\/48977a569b250ff82a4929194239bcc9"},"headline":"Una dona assassinada i una altra greu per viol\u00e8ncia masclista a Caldes de Malavella \/La Independent\/Not\u00edcies g\u00e8nere","datePublished":"2013-05-28T18:48:26+00:00","mainEntityOfPage":{"@id":"https:\/\/laindependent.cat\/en\/una-dona-assassinada-i-una-altra-greu-per-violencia-masclista-a-caldes-de-malavella-la-independentnoticies-genere\/"},"wordCount":290,"commentCount":0,"publisher":{"@id":"https:\/\/laindependent.cat\/en\/#organization"},"articleSection":["Viol\u00e8ncia masclista"],"inLanguage":"en-US","potentialAction":[{"@type":"CommentAction","name":"Comment","target":["https:\/\/laindependent.cat\/en\/una-dona-assassinada-i-una-altra-greu-per-violencia-masclista-a-caldes-de-malavella-la-independentnoticies-genere\/#respond"]}]},{"@type":"WebPage","@id":"https:\/\/laindependent.cat\/en\/una-dona-assassinada-i-una-altra-greu-per-violencia-masclista-a-caldes-de-malavella-la-independentnoticies-genere\/","url":"https:\/\/laindependent.cat\/en\/una-dona-assassinada-i-una-altra-greu-per-violencia-masclista-a-caldes-de-malavella-la-independentnoticies-genere\/","name":"Una dona assassinada i una altra greu per viol\u00e8ncia masclista a Caldes de Malavella \/La Independent\/Not\u00edcies g\u00e8nere | La Independent","isPartOf":{"@id":"https:\/\/laindependent.cat\/en\/#website"},"datePublished":"2013-05-28T18:48:26+00:00","description":"El Govern condemna l'homicidi i l'agressi\u00f3 greu a dues dones a Caldes de Malavella v\u00edctimes de la viol\u00e8ncia masclista \u00a0 Montse Gatell, presidenta de","breadcrumb":{"@id":"https:\/\/laindependent.cat\/en\/una-dona-assassinada-i-una-altra-greu-per-violencia-masclista-a-caldes-de-malavella-la-independentnoticies-genere\/#breadcrumb"},"inLanguage":"en-US","potentialAction":[{"@type":"ReadAction","target":["https:\/\/laindependent.cat\/en\/una-dona-assassinada-i-una-altra-greu-per-violencia-masclista-a-caldes-de-malavella-la-independentnoticies-genere\/"]}]},{"@type":"BreadcrumbList","@id":"https:\/\/laindependent.cat\/en\/una-dona-assassinada-i-una-altra-greu-per-violencia-masclista-a-caldes-de-malavella-la-independentnoticies-genere\/#breadcrumb","itemListElement":[{"@type":"ListItem","position":1,"name":"Inici","item":"https:\/\/laindependent.cat\/en\/"},{"@type":"ListItem","position":2,"name":"Violence","item":"https:\/\/laindependent.cat\/en\/tema\/violence\/"},{"@type":"ListItem","position":3,"name":"Male violence","item":"https:\/\/laindependent.cat\/en\/tema\/violence\/male-violence\/"},{"@type":"ListItem","position":4,"name":"Una dona assassinada i una altra greu per viol\u00e8ncia masclista a Caldes de Malavella \/La Independent\/Not\u00edcies g\u00e8nere"}]},{"@type":"WebSite","@id":"https:\/\/laindependent.cat\/en\/#website","url":"https:\/\/laindependent.cat\/en\/","name":"La Independent","description":"Ag\u00e8ncia de not\u00edcies amb visi\u00f3 de g\u00e8nere","publisher":{"@id":"https:\/\/laindependent.cat\/en\/#organization"},"alternateName":"Ag\u00e8ncia de not\u00edcies amb visi\u00f3 de g\u00e8nere","potentialAction":[{"@type":"SearchAction","target":{"@type":"EntryPoint","urlTemplate":"https:\/\/laindependent.cat\/en\/?s={search_term_string}"},"query-input":{"@type":"PropertyValueSpecification","valueRequired":true,"valueName":"search_term_string"}}],"inLanguage":"en-US"},{"@type":"Organization","@id":"https:\/\/laindependent.cat\/en\/#organization","name":"La Independent","alternateName":"Ag\u00e8ncia de not\u00edcies amb visi\u00f3 de g\u00e8nere","url":"https:\/\/laindependent.cat\/en\/","logo":{"@type":"ImageObject","inLanguage":"en-US","@id":"https:\/\/laindependent.cat\/en\/#\/schema\/logo\/image\/","url":"https:\/\/laindependent.cat\/wp-content\/uploads\/2022\/10\/logo-independent.svg","contentUrl":"https:\/\/laindependent.cat\/wp-content\/uploads\/2022\/10\/logo-independent.svg","width":562,"height":78,"caption":"La Independent"},"image":{"@id":"https:\/\/laindependent.cat\/en\/#\/schema\/logo\/image\/"}},{"@type":"Person","@id":"https:\/\/laindependent.cat\/en\/#\/schema\/person\/48977a569b250ff82a4929194239bcc9","name":"Tona Gusi","image":{"@type":"ImageObject","inLanguage":"en-US","@id":"https:\/\/secure.gravatar.com\/avatar\/d09891f52233d2ed7c2e066fc06640e576202983bf7f713e372185f035ac5f67?s=96&d=blank&r=g","url":"https:\/\/secure.gravatar.com\/avatar\/d09891f52233d2ed7c2e066fc06640e576202983bf7f713e372185f035ac5f67?s=96&d=blank&r=g","contentUrl":"https:\/\/secure.gravatar.com\/avatar\/d09891f52233d2ed7c2e066fc06640e576202983bf7f713e372185f035ac5f67?s=96&d=blank&r=g","caption":"Tona Gusi"},"description":"Fundadora i Co-coordinadora de La Independent. Tamb\u00e9 \u00e9s psic\u00f2loga menci\u00f3 en Psicologia d'Intervenci\u00f3 Cl\u00ednica i menci\u00f3 en Psicologia del Treball i les Organitzacions.","sameAs":["https:\/\/www.facebook.com\/tona.gusi","https:\/\/x.com\/https:\/\/twitter.com\/tonagusi"],"url":"https:\/\/laindependent.cat\/en\/author\/tona-gusi\/"}]}},"_links":{"self":[{"href":"https:\/\/laindependent.cat\/en\/wp-json\/wp\/v2\/posts\/58871","targetHints":{"allow":["GET"]}}],"collection":[{"href":"https:\/\/laindependent.cat\/en\/wp-json\/wp\/v2\/posts"}],"about":[{"href":"https:\/\/laindependent.cat\/en\/wp-json\/wp\/v2\/types\/post"}],"author":[{"embeddable":true,"href":"https:\/\/laindependent.cat\/en\/wp-json\/wp\/v2\/users\/72"}],"replies":[{"embeddable":true,"href":"https:\/\/laindependent.cat\/en\/wp-json\/wp\/v2\/comments?post=58871"}],"version-history":[{"count":0,"href":"https:\/\/laindependent.cat\/en\/wp-json\/wp\/v2\/posts\/58871\/revisions"}],"wp:attachment":[{"href":"https:\/\/laindependent.cat\/en\/wp-json\/wp\/v2\/media?parent=58871"}],"wp:term":[{"taxonomy":"category","embeddable":true,"href":"https:\/\/laindependent.cat\/en\/wp-json\/wp\/v2\/categories?post=58871"},{"taxonomy":"post_tag","embeddable":true,"href":"https:\/\/laindependent.cat\/en\/wp-json\/wp\/v2\/tags?post=58871"}],"curies":[{"name":"wp","href":"https:\/\/api.w.org\/{rel}","templated":true}]}}