{"id":58387,"date":"2013-03-01T16:47:21","date_gmt":"2013-03-01T15:47:21","guid":{"rendered":"https:\/\/laindependent.cat\/mexico-el-8-de-marzo-mujeres-y-el-poder\/"},"modified":"2023-02-24T21:14:26","modified_gmt":"2023-02-24T20:14:26","slug":"mexico-el-8-de-marzo-mujeres-y-el-poder","status":"publish","type":"post","link":"https:\/\/laindependent.cat\/en\/mexico-el-8-de-marzo-mujeres-y-el-poder\/","title":{"rendered":"M\u00e9xico: El 8 de Marzo: Mujeres y el Poder"},"content":{"rendered":"<p style=\"text-align: left;\"><span style=\"font-family: trebuchet ms,geneva; font-size: 10pt;\">La conmemoraci\u00f3n anual del 8 de marzo cuyo car\u00e1cter es universal  desde la primera d\u00e9cada del siglo XX no obedece a un hecho aislado. La creencia de que se escogi\u00f3 por el &#8220;sacrificio de las trabajadoras&#8221; ha sido develada  y derribada por las historiadoras feministas.<\/span><\/p>\n<p style=\"text-align: left;\"><span style=\"font-family: trebuchet ms,geneva; font-size: 10pt;\">Se eligi\u00f3 para mantener una jornada de reflexi\u00f3n y lucha, para pensar, para organizarse, para analizar el entorno pol\u00edtico y contextual de cada pa\u00eds, cada momento y para evaluar el estado de la tra\u00edda y llevada democracia.<\/span><\/p>\n<p style=\"text-align: left;\"><span style=\"font-family: trebuchet ms,geneva; font-size: 10pt;\">El 8 de marzo, propuesto por la alemana  Clara Zetkin, se inscribe  en un contexto rico y complejo de acontecimientos pol\u00edticos internacionales  que fueron  examinados por la Segunda Conferencia Internacional de Mujeres Socialistas y Comunistas realizada en Copenhague, Dinamarca, el 27 de agosto de 1910,  en  d\u00f3nde  estas mujeres, intelectuales y trabajadoras valoraron con visi\u00f3n de futuro, la importancia de la participaci\u00f3n femenina  en la pol\u00edtica, en la toma de decisiones, para el arreglo del desastre en manos de los hombres.<\/span><\/p>\n<p style=\"text-align: left;\"><span style=\"font-family: trebuchet ms,geneva; font-size: 10pt;\">En 1910 el escenario era elocuente. Estaba a punto de suceder  la Primera Guerra Mundial, la Revoluci\u00f3n Rusa, la lucha universal por el sufragio femenino, las pugnas entre socialistas y sufragistas, adem\u00e1s del creciente auge del sindicalismo femenino durante las primeras d\u00e9cadas del siglo XX en Europa, Estados Unidos y Latinoam\u00e9rica.<\/span><\/p>\n<p style=\"text-align: left;\"><span style=\"font-family: trebuchet ms,geneva; font-size: 10pt;\">Durante mucho tiempo se quiso ocultar el origen del 8 de marzo, para arrancarnos una conmiseraci\u00f3n sobre los sacrificios de las mujeres obreras, cuando en realidad  el D\u00eda Internacional de la Mujer surge para hacer propaganda a favor del sufragio femenino, para defender los derechos laborales de las trabajadoras y manifestarse contra la guerra. Tres elementos sustantivos, todav\u00eda vigentes.<\/span><\/p>\n<p style=\"text-align: left;\"><span style=\"font-family: trebuchet ms,geneva; font-size: 10pt;\">Y  103 a\u00f1os despu\u00e9s de aquella Conferencia de Socialistas, hay quienes nos dan flores como si el d\u00eda de la mujer fuera una festividad comercial o de reconocimiento de un d\u00eda, como el d\u00eda de las madres, o de las comadres.<\/span><\/p>\n<p style=\"text-align: left;\"><span style=\"font-family: trebuchet ms,geneva; font-size: 10pt;\">M\u00e1s de cien a\u00f1os de reclamo y acci\u00f3n en favor del reconocimiento, ese s\u00ed, al valor de la palabra femenina, de su bagaje de conocimientos para hacer de las democracias occidentales una forma de vida y de relaci\u00f3n social humana y justa, es todav\u00eda  dif\u00edcil de comprender por el poder y por quienes desde su atalaya  se resisten a considerar a las mujeres como seres humanos completos.<\/span><\/p>\n<p style=\"text-align: left;\"><span style=\"font-family: trebuchet ms,geneva; font-size: 10pt;\">Todo esto por la conmemoraci\u00f3n. Por la jornada que se avecina llena de discursos y promesas vac\u00edas, por ese af\u00e1n de manipular y enga\u00f1ar. Incre\u00edble,  en M\u00e9xico est\u00e1 a debate la ciudadan\u00eda femenina, la iniciativa para la paridad en los procesos electorales propuesta por el Grupo Plural de Mujeres, sigue dormida en el Congreso y este a\u00f1o amanecimos con la intensi\u00f3n de los gobernantes, de la federaci\u00f3n y de las entidades de la Rep\u00fablica, de reducir los presupuestos para el avance de las mujeres.<\/span><\/p>\n<p style=\"text-align: left;\"><span style=\"font-family: trebuchet ms,geneva; font-size: 10pt;\">Nos colocaron frente a la intentona del nuevo r\u00e9gimen de disminuir la calidad y tarea de las instituciones creadas para fortalecer el liderazgo femenino y me temo que pronto sabremos que los partidos pol\u00edticos no destinaron el dos por ciento de sus recursos a esa tarea, tal como fueron sentenciados por el Tribunal Electoral el a\u00f1o pasado y veremos hasta donde son capaces de maniobrar para evitar la llegada de m\u00e1s y m\u00e1s mujeres a los puestos de decisi\u00f3n.<\/span><\/p>\n<p style=\"text-align: left;\"><span style=\"font-family: trebuchet ms,geneva; font-size: 10pt;\">Por ello vale mucho la pena contar que al menos el Instituto Electoral de Zacatecas, que acaba de editar una gu\u00eda ciudadana para ejercer los derechos pol\u00edticos y electorales de las mujeres, es una muestra del inter\u00e9s que todos los \u00f3rganos electorales deb\u00edan hacer. Porque son esos \u00f3rganos los llamados a velar por el Estado de Derecho para las ciudadanas mexicanas. La gu\u00eda, que muestra y orienta el camino a las mujeres, se suma a un sinn\u00famero de esfuerzos por hacer realidad las normas, que frecuentemente son violentadas por los due\u00f1os de los partidos pol\u00edticos. No es un asunto de oportunidades sino de derechos.<\/span><\/p>\n<p style=\"text-align: left;\"><span style=\"font-family: trebuchet ms,geneva; font-size: 10pt;\">Este a\u00f1o habr\u00e1 elecciones en 14 entidades de la Rep\u00fablica. Seg\u00fan mis propias cuentas se repartir\u00e1n, v\u00eda el voto directo y ciudadano 2 mil 149 puestos de representaci\u00f3n popular, de ellos 409 diputaciones son locales, mil 348 presidencias municipales, 391 presidencias de comunidad s\u00f3lo en Tlaxcala y una gubernatura en Baja California.<\/span><\/p>\n<p style=\"text-align: left;\"><span style=\"font-family: trebuchet ms,geneva; font-size: 10pt;\">Todas las elecciones se realizar\u00e1n el 7 de julio. Ahora mismo en cada entidad donde habr\u00e1 elecciones ya los partidos pol\u00edticos nacionales y algunos locales se aprestan para construir mecanismos para elegir  sus candidaturas.<\/span><\/p>\n<p style=\"text-align: left;\"><span style=\"font-family: trebuchet ms,geneva; font-size: 10pt;\">Las mujeres tendr\u00edamos que estar ah\u00ed, exigiendo el derecho, el cumplimiento de los estatutos partidarios, concursando para estar  en las listas, haciendo programas de gobierno para enderezar al pa\u00eds, todas levantadas  para todos los pendientes de la agenda de las mujeres, discutida en aquella Conferencia de Socialistas, peleada en todos los foros internacionales y construida con todas las necesidades de la mitad de la poblaci\u00f3n.<\/span><\/p>\n<p style=\"text-align: left;\"><span style=\"font-family: trebuchet ms,geneva; font-size: 10pt;\">Pero  \u00bfqu\u00e9 sucede? que  la ciudadan\u00eda femenina est\u00e1 restringida. Por una parte est\u00e1n los derechos, ahora perfectamente inscritos en la Constituci\u00f3n (art\u00edculos 1\u00ba, 2\u00ba, 3\u00ba, y 4\u00ba), en el mandato general de que nos deben dar recursos para ello, en la obligaci\u00f3n adquirida en los foros internacionales para promover los liderazgos femeninos, en las garant\u00edas individuales y colectivas, en el famoso llevado y tra\u00eddo, violado y maltratado estado de Derecho.<\/span><\/p>\n<p style=\"text-align: left;\"><span style=\"font-family: trebuchet ms,geneva; font-size: 10pt;\">La gu\u00eda a que me refiero, escrita por Alicia Villaneda,  para su divulgaci\u00f3n general por acuerdo del  Instituto Electoral de Zacatecas, cuya consejera presidenta es Leticia Catalina Soto, enmarcada con im\u00e1genes producidas art\u00edsticamente por la caricaturista  Martha Barrag\u00e1n, muestra el sentido de la apuesta de mujeres zacatecanas  quienes fueron las primeras mexicanas (1824) en reclamar al gobierno de la independencia sus derechos, es, como otros muchos esfuerzos, una nueva reiteraci\u00f3n de que las resistencias son contrarias a los discursos que derramar\u00e1n miel y promesas este 8 de marzo.<\/span><\/p>\n<p style=\"text-align: left;\"><span style=\"font-family: trebuchet ms,geneva; font-size: 10pt;\">La peor de las manipulaciones que yo conozca. Porque en este pa\u00eds de la impunidad y la violaci\u00f3n a la ley, no existe la voluntad pol\u00edtica para incluir a las mujeres. La impunidad rodea el acontecer cotidiano donde el feminicidio se yergue como evidencia de discriminaci\u00f3n y exclusi\u00f3n de las mujeres, como muestra del fracaso de las tambi\u00e9n llevadas y tra\u00eddas pol\u00edticas p\u00fablicas: donde el sistema de justicia deja libres a violadores, asesinos y hostigadores de mujeres; en el que \u00e9l \u00f3rgano encargado de los Derechos Humanos permite que sus funcionarios abusen de las mujeres, sin rendirnos cuentas. Un sistema de simulaci\u00f3n. Ya se ver\u00e1 en los discursos, otra vez  reafirmando que las mujeres son las responsables de sus familias, &#8220;los \u00e1ngeles del hogar&#8221;, y que reafirma y revictimiza a la mitad de la poblaci\u00f3n, coloc\u00e1ndola en el papel construido ideol\u00f3gicamente en el siglo XIX.<\/span><\/p>\n<p style=\"text-align: left;\"><span style=\"font-family: trebuchet ms,geneva; font-size: 10pt;\">Hecha la ley, hecha la trampa como dijo en Zacatecas la representante de ONU Mujeres,   Ana G\u00fcezmes Garc\u00eda, qui\u00e9n sin mencionarlo dec\u00eda en subtexto que  en los procesos electorales en marcha, los dirigentes de los partidos pol\u00edticos har\u00e1n lo imposible por no cumplir con sus estatutos y en muchos casos con las leyes electorales que deben garantizar, al menos un 40 por ciento de mujeres.<\/span><\/p>\n<p style=\"text-align: left;\"><span style=\"font-family: trebuchet ms,geneva; font-size: 10pt;\">Ellos dicen: &#8220;las mujeres no quieren&#8221; mientras que decenas de ellas si quieren y tienen que recurrir a los tribunales cuando las trampean; buscan c\u00f3mo en la pr\u00e1ctica no pueden hacer la doble jornada; ya no se agachan y lloran por ser exclusivamente madres y quieren quitarse el  peso  de las responsabilidades familiares que las atan.<\/span><\/p>\n<p style=\"text-align: left;\"><span style=\"font-family: trebuchet ms,geneva; font-size: 10pt;\">El peor de los casos, dijo ah\u00ed la ex candidata presidencial, Patricia Mercado, es el tema de los ayuntamientos, donde las mujeres no llegan ni al siete por ciento de los m\u00e1s de dos mil 500 municipios; y nada parece alterar las conciencias de los gobernantes que dejan hacer.<\/span><\/p>\n<p style=\"text-align: left;\"><span style=\"font-family: trebuchet ms,geneva; font-size: 10pt;\">Si  hubiera un estado de Derecho, al analizar los gastos de los partidos, al menos dos perder\u00edan el registro: Movimiento Ciudadano y Partido del Trabajo, que estoy cierta, aunque no s\u00e9 si se podr\u00e1 documentar, no se aplic\u00f3 el dos por ciento para capacitar a sus militantes femeninas. Y otros partidos procuraron &#8220;cumplir&#8221; sin dar poder real a sus seccione de g\u00e9nero, a sus militantes.<\/span><\/p>\n<p style=\"text-align: left;\"><span style=\"font-family: trebuchet ms,geneva; font-size: 10pt;\">Sus representantes populares conspiran con las libertades femeninas, al cuerpo (el asunto del aborto), al trabajo (que han de mediar con la tarea dom\u00e9stica), a los derechos al  menospreciar la ley, a la discriminaci\u00f3n (argumentando la ley natural); al reconocimiento (promoviendo s\u00f3lo excepciones) y por supuesto a considerarnos menores e incapaces. La ideolog\u00eda subrayada en las aulas, en los templos y en los medios de comunicaci\u00f3n. Y no saben que s\u00ed, que las mujeres, muchas de ellas, quieren el poder.  Y lo quieren, como dir\u00eda una brillante feminista, para poder hacer.<\/span><\/p>\n<p style=\"text-align: left;\"><span style=\"font-family: trebuchet ms,geneva; font-size: 10pt;\">Este 8 de marzo habr\u00eda que exigir al gobierno federal que se defina. Que ponga cartas sobre la mesa, en lugar de ocultar y manipular la informaci\u00f3n. Hasta ahora poco se sabe y difunde qu\u00e9 est\u00e1 haciendo el instituto Nacional de las Mujeres; nadie se ha hecho cargo de la disminuci\u00f3n de funcionarias p\u00fablicas, proceso de paridad que hab\u00eda avanzado, por ejemplo en el Distrito Federal y en el Gobierno Federal, ahora reducido en 60 por ciento, es decir, vamos para atr\u00e1s.<\/span><\/p>\n<p style=\"text-align: left;\"><span style=\"font-family: trebuchet ms,geneva; font-size: 10pt;\">Tampoco hemos visto una cruzada nacional para detener las muertes evitables, como la muerte materna, aborto inducido o c\u00e1nceres femeninos. Y los partidos son responsables de que miles de mujeres ind\u00edgenas, campesinas o urbanas pobres no tengan su tarjeta de elector,  su acta de nacimiento y a falta de orientaci\u00f3n, informaci\u00f3n y educaci\u00f3n, desconozcan sus derechos.<\/span><\/p>\n<p style=\"text-align: left;\"><span style=\"font-family: trebuchet ms,geneva; font-size: 10pt;\">La realidad indica que las mujeres comprometidas con los derechos de las mujeres, esa muestra que dieron nuestras antepasadas para poner el \u00e9nfasis de estos derechos cada 8 de marzo, tienen hoy el compromiso de imponer el Estado de Derecho y hacer exigibles todos los derechos de las mujeres, pospuestos una y otra vez. Hacerlo de frente y sin ambages, con todas las palabras.<\/span><\/p>\n","protected":false},"excerpt":{"rendered":"<p>La conmemoraci\u00f3n anual del 8 de marzo cuyo car\u00e1cter es universal desde la primera d\u00e9cada del siglo XX no obedece a un hecho aislado. La creencia de que se escogi\u00f3 por el &#8220;sacrificio de las trabajadoras&#8221; ha sido develada y [&hellip;]<\/p>\n","protected":false},"author":72,"featured_media":0,"comment_status":"open","ping_status":"","sticky":false,"template":"","format":"standard","meta":{"footnotes":""},"categories":[26337],"tags":[],"class_list":["post-58387","post","type-post","status-publish","format-standard","hentry","category-8-de-marc"],"yoast_head":"<!-- This site is optimized with the Yoast SEO plugin v27.4 - https:\/\/yoast.com\/product\/yoast-seo-wordpress\/ -->\n<title>M\u00e9xico: El 8 de Marzo: Mujeres y el Poder | La Independent<\/title>\n<meta name=\"description\" content=\"La conmemoraci\u00f3n anual del 8 de marzo cuyo car\u00e1cter es universal desde la primera d\u00e9cada del siglo XX no obedece a un hecho aislado. La creencia de que se\" \/>\n<meta name=\"robots\" content=\"index, follow, max-snippet:-1, max-image-preview:large, max-video-preview:-1\" \/>\n<link rel=\"canonical\" href=\"https:\/\/laindependent.cat\/en\/mexico-el-8-de-marzo-mujeres-y-el-poder\/\" \/>\n<meta property=\"og:locale\" content=\"en_US\" \/>\n<meta property=\"og:type\" content=\"article\" \/>\n<meta property=\"og:title\" content=\"M\u00e9xico: El 8 de Marzo: Mujeres y el Poder | La Independent\" \/>\n<meta property=\"og:description\" content=\"La conmemoraci\u00f3n anual del 8 de marzo cuyo car\u00e1cter es universal desde la primera d\u00e9cada del siglo XX no obedece a un hecho aislado. La creencia de que se\" \/>\n<meta property=\"og:url\" content=\"https:\/\/laindependent.cat\/en\/mexico-el-8-de-marzo-mujeres-y-el-poder\/\" \/>\n<meta property=\"og:site_name\" content=\"La Independent\" \/>\n<meta property=\"article:author\" content=\"https:\/\/www.facebook.com\/tona.gusi\" \/>\n<meta property=\"article:published_time\" content=\"2013-03-01T15:47:21+00:00\" \/>\n<meta property=\"article:modified_time\" content=\"2023-02-24T20:14:26+00:00\" \/>\n<meta name=\"author\" content=\"Tona Gusi\" \/>\n<meta name=\"twitter:card\" content=\"summary_large_image\" \/>\n<meta name=\"twitter:creator\" content=\"@https:\/\/twitter.com\/tonagusi\" \/>\n<meta name=\"twitter:label1\" content=\"Written by\" \/>\n\t<meta name=\"twitter:data1\" content=\"Tona Gusi\" \/>\n\t<meta name=\"twitter:label2\" content=\"Est. reading time\" \/>\n\t<meta name=\"twitter:data2\" content=\"9 minutes\" \/>\n<script type=\"application\/ld+json\" class=\"yoast-schema-graph\">{\"@context\":\"https:\\\/\\\/schema.org\",\"@graph\":[{\"@type\":\"Article\",\"@id\":\"https:\\\/\\\/laindependent.cat\\\/en\\\/mexico-el-8-de-marzo-mujeres-y-el-poder\\\/#article\",\"isPartOf\":{\"@id\":\"https:\\\/\\\/laindependent.cat\\\/en\\\/mexico-el-8-de-marzo-mujeres-y-el-poder\\\/\"},\"author\":{\"name\":\"Tona Gusi\",\"@id\":\"https:\\\/\\\/laindependent.cat\\\/en\\\/#\\\/schema\\\/person\\\/48977a569b250ff82a4929194239bcc9\"},\"headline\":\"M\u00e9xico: El 8 de Marzo: Mujeres y el Poder\",\"datePublished\":\"2013-03-01T15:47:21+00:00\",\"dateModified\":\"2023-02-24T20:14:26+00:00\",\"mainEntityOfPage\":{\"@id\":\"https:\\\/\\\/laindependent.cat\\\/en\\\/mexico-el-8-de-marzo-mujeres-y-el-poder\\\/\"},\"wordCount\":1736,\"commentCount\":0,\"publisher\":{\"@id\":\"https:\\\/\\\/laindependent.cat\\\/en\\\/#organization\"},\"articleSection\":[\"8 de Mar\u00e7\"],\"inLanguage\":\"en-US\",\"potentialAction\":[{\"@type\":\"CommentAction\",\"name\":\"Comment\",\"target\":[\"https:\\\/\\\/laindependent.cat\\\/en\\\/mexico-el-8-de-marzo-mujeres-y-el-poder\\\/#respond\"]}]},{\"@type\":\"WebPage\",\"@id\":\"https:\\\/\\\/laindependent.cat\\\/en\\\/mexico-el-8-de-marzo-mujeres-y-el-poder\\\/\",\"url\":\"https:\\\/\\\/laindependent.cat\\\/en\\\/mexico-el-8-de-marzo-mujeres-y-el-poder\\\/\",\"name\":\"M\u00e9xico: El 8 de Marzo: Mujeres y el Poder | La Independent\",\"isPartOf\":{\"@id\":\"https:\\\/\\\/laindependent.cat\\\/en\\\/#website\"},\"datePublished\":\"2013-03-01T15:47:21+00:00\",\"dateModified\":\"2023-02-24T20:14:26+00:00\",\"description\":\"La conmemoraci\u00f3n anual del 8 de marzo cuyo car\u00e1cter es universal desde la primera d\u00e9cada del siglo XX no obedece a un hecho aislado. La creencia de que se\",\"breadcrumb\":{\"@id\":\"https:\\\/\\\/laindependent.cat\\\/en\\\/mexico-el-8-de-marzo-mujeres-y-el-poder\\\/#breadcrumb\"},\"inLanguage\":\"en-US\",\"potentialAction\":[{\"@type\":\"ReadAction\",\"target\":[\"https:\\\/\\\/laindependent.cat\\\/en\\\/mexico-el-8-de-marzo-mujeres-y-el-poder\\\/\"]}]},{\"@type\":\"BreadcrumbList\",\"@id\":\"https:\\\/\\\/laindependent.cat\\\/en\\\/mexico-el-8-de-marzo-mujeres-y-el-poder\\\/#breadcrumb\",\"itemListElement\":[{\"@type\":\"ListItem\",\"position\":1,\"name\":\"Inici\",\"item\":\"https:\\\/\\\/laindependent.cat\\\/en\\\/\"},{\"@type\":\"ListItem\",\"position\":2,\"name\":\"March 8, 2013\",\"item\":\"https:\\\/\\\/laindependent.cat\\\/en\\\/tema\\\/march-8-2013\\\/\"},{\"@type\":\"ListItem\",\"position\":3,\"name\":\"M\u00e9xico: El 8 de Marzo: Mujeres y el Poder\"}]},{\"@type\":\"WebSite\",\"@id\":\"https:\\\/\\\/laindependent.cat\\\/en\\\/#website\",\"url\":\"https:\\\/\\\/laindependent.cat\\\/en\\\/\",\"name\":\"La Independent\",\"description\":\"Ag\u00e8ncia de not\u00edcies amb visi\u00f3 de g\u00e8nere\",\"publisher\":{\"@id\":\"https:\\\/\\\/laindependent.cat\\\/en\\\/#organization\"},\"alternateName\":\"Ag\u00e8ncia de not\u00edcies amb visi\u00f3 de g\u00e8nere\",\"potentialAction\":[{\"@type\":\"SearchAction\",\"target\":{\"@type\":\"EntryPoint\",\"urlTemplate\":\"https:\\\/\\\/laindependent.cat\\\/en\\\/?s={search_term_string}\"},\"query-input\":{\"@type\":\"PropertyValueSpecification\",\"valueRequired\":true,\"valueName\":\"search_term_string\"}}],\"inLanguage\":\"en-US\"},{\"@type\":\"Organization\",\"@id\":\"https:\\\/\\\/laindependent.cat\\\/en\\\/#organization\",\"name\":\"La Independent\",\"alternateName\":\"Ag\u00e8ncia de not\u00edcies amb visi\u00f3 de g\u00e8nere\",\"url\":\"https:\\\/\\\/laindependent.cat\\\/en\\\/\",\"logo\":{\"@type\":\"ImageObject\",\"inLanguage\":\"en-US\",\"@id\":\"https:\\\/\\\/laindependent.cat\\\/en\\\/#\\\/schema\\\/logo\\\/image\\\/\",\"url\":\"https:\\\/\\\/laindependent.cat\\\/wp-content\\\/uploads\\\/2022\\\/10\\\/logo-independent.svg\",\"contentUrl\":\"https:\\\/\\\/laindependent.cat\\\/wp-content\\\/uploads\\\/2022\\\/10\\\/logo-independent.svg\",\"width\":562,\"height\":78,\"caption\":\"La Independent\"},\"image\":{\"@id\":\"https:\\\/\\\/laindependent.cat\\\/en\\\/#\\\/schema\\\/logo\\\/image\\\/\"}},{\"@type\":\"Person\",\"@id\":\"https:\\\/\\\/laindependent.cat\\\/en\\\/#\\\/schema\\\/person\\\/48977a569b250ff82a4929194239bcc9\",\"name\":\"Tona Gusi\",\"image\":{\"@type\":\"ImageObject\",\"inLanguage\":\"en-US\",\"@id\":\"https:\\\/\\\/secure.gravatar.com\\\/avatar\\\/d09891f52233d2ed7c2e066fc06640e576202983bf7f713e372185f035ac5f67?s=96&d=blank&r=g\",\"url\":\"https:\\\/\\\/secure.gravatar.com\\\/avatar\\\/d09891f52233d2ed7c2e066fc06640e576202983bf7f713e372185f035ac5f67?s=96&d=blank&r=g\",\"contentUrl\":\"https:\\\/\\\/secure.gravatar.com\\\/avatar\\\/d09891f52233d2ed7c2e066fc06640e576202983bf7f713e372185f035ac5f67?s=96&d=blank&r=g\",\"caption\":\"Tona Gusi\"},\"description\":\"Fundadora i Co-coordinadora de La Independent. Tamb\u00e9 \u00e9s psic\u00f2loga menci\u00f3 en Psicologia d'Intervenci\u00f3 Cl\u00ednica i menci\u00f3 en Psicologia del Treball i les Organitzacions.\",\"sameAs\":[\"https:\\\/\\\/www.facebook.com\\\/tona.gusi\",\"https:\\\/\\\/x.com\\\/https:\\\/\\\/twitter.com\\\/tonagusi\"],\"url\":\"https:\\\/\\\/laindependent.cat\\\/en\\\/author\\\/tona-gusi\\\/\"}]}<\/script>\n<!-- \/ Yoast SEO plugin. -->","yoast_head_json":{"title":"M\u00e9xico: El 8 de Marzo: Mujeres y el Poder | La Independent","description":"La conmemoraci\u00f3n anual del 8 de marzo cuyo car\u00e1cter es universal desde la primera d\u00e9cada del siglo XX no obedece a un hecho aislado. La creencia de que se","robots":{"index":"index","follow":"follow","max-snippet":"max-snippet:-1","max-image-preview":"max-image-preview:large","max-video-preview":"max-video-preview:-1"},"canonical":"https:\/\/laindependent.cat\/en\/mexico-el-8-de-marzo-mujeres-y-el-poder\/","og_locale":"en_US","og_type":"article","og_title":"M\u00e9xico: El 8 de Marzo: Mujeres y el Poder | La Independent","og_description":"La conmemoraci\u00f3n anual del 8 de marzo cuyo car\u00e1cter es universal desde la primera d\u00e9cada del siglo XX no obedece a un hecho aislado. La creencia de que se","og_url":"https:\/\/laindependent.cat\/en\/mexico-el-8-de-marzo-mujeres-y-el-poder\/","og_site_name":"La Independent","article_author":"https:\/\/www.facebook.com\/tona.gusi","article_published_time":"2013-03-01T15:47:21+00:00","article_modified_time":"2023-02-24T20:14:26+00:00","author":"Tona Gusi","twitter_card":"summary_large_image","twitter_creator":"@https:\/\/twitter.com\/tonagusi","twitter_misc":{"Written by":"Tona Gusi","Est. reading time":"9 minutes"},"schema":{"@context":"https:\/\/schema.org","@graph":[{"@type":"Article","@id":"https:\/\/laindependent.cat\/en\/mexico-el-8-de-marzo-mujeres-y-el-poder\/#article","isPartOf":{"@id":"https:\/\/laindependent.cat\/en\/mexico-el-8-de-marzo-mujeres-y-el-poder\/"},"author":{"name":"Tona Gusi","@id":"https:\/\/laindependent.cat\/en\/#\/schema\/person\/48977a569b250ff82a4929194239bcc9"},"headline":"M\u00e9xico: El 8 de Marzo: Mujeres y el Poder","datePublished":"2013-03-01T15:47:21+00:00","dateModified":"2023-02-24T20:14:26+00:00","mainEntityOfPage":{"@id":"https:\/\/laindependent.cat\/en\/mexico-el-8-de-marzo-mujeres-y-el-poder\/"},"wordCount":1736,"commentCount":0,"publisher":{"@id":"https:\/\/laindependent.cat\/en\/#organization"},"articleSection":["8 de Mar\u00e7"],"inLanguage":"en-US","potentialAction":[{"@type":"CommentAction","name":"Comment","target":["https:\/\/laindependent.cat\/en\/mexico-el-8-de-marzo-mujeres-y-el-poder\/#respond"]}]},{"@type":"WebPage","@id":"https:\/\/laindependent.cat\/en\/mexico-el-8-de-marzo-mujeres-y-el-poder\/","url":"https:\/\/laindependent.cat\/en\/mexico-el-8-de-marzo-mujeres-y-el-poder\/","name":"M\u00e9xico: El 8 de Marzo: Mujeres y el Poder | La Independent","isPartOf":{"@id":"https:\/\/laindependent.cat\/en\/#website"},"datePublished":"2013-03-01T15:47:21+00:00","dateModified":"2023-02-24T20:14:26+00:00","description":"La conmemoraci\u00f3n anual del 8 de marzo cuyo car\u00e1cter es universal desde la primera d\u00e9cada del siglo XX no obedece a un hecho aislado. La creencia de que se","breadcrumb":{"@id":"https:\/\/laindependent.cat\/en\/mexico-el-8-de-marzo-mujeres-y-el-poder\/#breadcrumb"},"inLanguage":"en-US","potentialAction":[{"@type":"ReadAction","target":["https:\/\/laindependent.cat\/en\/mexico-el-8-de-marzo-mujeres-y-el-poder\/"]}]},{"@type":"BreadcrumbList","@id":"https:\/\/laindependent.cat\/en\/mexico-el-8-de-marzo-mujeres-y-el-poder\/#breadcrumb","itemListElement":[{"@type":"ListItem","position":1,"name":"Inici","item":"https:\/\/laindependent.cat\/en\/"},{"@type":"ListItem","position":2,"name":"March 8, 2013","item":"https:\/\/laindependent.cat\/en\/tema\/march-8-2013\/"},{"@type":"ListItem","position":3,"name":"M\u00e9xico: El 8 de Marzo: Mujeres y el Poder"}]},{"@type":"WebSite","@id":"https:\/\/laindependent.cat\/en\/#website","url":"https:\/\/laindependent.cat\/en\/","name":"La Independent","description":"Ag\u00e8ncia de not\u00edcies amb visi\u00f3 de g\u00e8nere","publisher":{"@id":"https:\/\/laindependent.cat\/en\/#organization"},"alternateName":"Ag\u00e8ncia de not\u00edcies amb visi\u00f3 de g\u00e8nere","potentialAction":[{"@type":"SearchAction","target":{"@type":"EntryPoint","urlTemplate":"https:\/\/laindependent.cat\/en\/?s={search_term_string}"},"query-input":{"@type":"PropertyValueSpecification","valueRequired":true,"valueName":"search_term_string"}}],"inLanguage":"en-US"},{"@type":"Organization","@id":"https:\/\/laindependent.cat\/en\/#organization","name":"La Independent","alternateName":"Ag\u00e8ncia de not\u00edcies amb visi\u00f3 de g\u00e8nere","url":"https:\/\/laindependent.cat\/en\/","logo":{"@type":"ImageObject","inLanguage":"en-US","@id":"https:\/\/laindependent.cat\/en\/#\/schema\/logo\/image\/","url":"https:\/\/laindependent.cat\/wp-content\/uploads\/2022\/10\/logo-independent.svg","contentUrl":"https:\/\/laindependent.cat\/wp-content\/uploads\/2022\/10\/logo-independent.svg","width":562,"height":78,"caption":"La Independent"},"image":{"@id":"https:\/\/laindependent.cat\/en\/#\/schema\/logo\/image\/"}},{"@type":"Person","@id":"https:\/\/laindependent.cat\/en\/#\/schema\/person\/48977a569b250ff82a4929194239bcc9","name":"Tona Gusi","image":{"@type":"ImageObject","inLanguage":"en-US","@id":"https:\/\/secure.gravatar.com\/avatar\/d09891f52233d2ed7c2e066fc06640e576202983bf7f713e372185f035ac5f67?s=96&d=blank&r=g","url":"https:\/\/secure.gravatar.com\/avatar\/d09891f52233d2ed7c2e066fc06640e576202983bf7f713e372185f035ac5f67?s=96&d=blank&r=g","contentUrl":"https:\/\/secure.gravatar.com\/avatar\/d09891f52233d2ed7c2e066fc06640e576202983bf7f713e372185f035ac5f67?s=96&d=blank&r=g","caption":"Tona Gusi"},"description":"Fundadora i Co-coordinadora de La Independent. Tamb\u00e9 \u00e9s psic\u00f2loga menci\u00f3 en Psicologia d'Intervenci\u00f3 Cl\u00ednica i menci\u00f3 en Psicologia del Treball i les Organitzacions.","sameAs":["https:\/\/www.facebook.com\/tona.gusi","https:\/\/x.com\/https:\/\/twitter.com\/tonagusi"],"url":"https:\/\/laindependent.cat\/en\/author\/tona-gusi\/"}]}},"_links":{"self":[{"href":"https:\/\/laindependent.cat\/en\/wp-json\/wp\/v2\/posts\/58387","targetHints":{"allow":["GET"]}}],"collection":[{"href":"https:\/\/laindependent.cat\/en\/wp-json\/wp\/v2\/posts"}],"about":[{"href":"https:\/\/laindependent.cat\/en\/wp-json\/wp\/v2\/types\/post"}],"author":[{"embeddable":true,"href":"https:\/\/laindependent.cat\/en\/wp-json\/wp\/v2\/users\/72"}],"replies":[{"embeddable":true,"href":"https:\/\/laindependent.cat\/en\/wp-json\/wp\/v2\/comments?post=58387"}],"version-history":[{"count":0,"href":"https:\/\/laindependent.cat\/en\/wp-json\/wp\/v2\/posts\/58387\/revisions"}],"wp:attachment":[{"href":"https:\/\/laindependent.cat\/en\/wp-json\/wp\/v2\/media?parent=58387"}],"wp:term":[{"taxonomy":"category","embeddable":true,"href":"https:\/\/laindependent.cat\/en\/wp-json\/wp\/v2\/categories?post=58387"},{"taxonomy":"post_tag","embeddable":true,"href":"https:\/\/laindependent.cat\/en\/wp-json\/wp\/v2\/tags?post=58387"}],"curies":[{"name":"wp","href":"https:\/\/api.w.org\/{rel}","templated":true}]}}