{"id":56488,"date":"2012-03-06T14:14:34","date_gmt":"2012-03-06T13:14:34","guid":{"rendered":"https:\/\/laindependent.cat\/ajuntament-de-barcelona-i-cird-lliurament-dels-premis-8-de-marc-i-exposicio-fotografica-i-taula-rodona\/"},"modified":"2012-03-06T14:14:34","modified_gmt":"2012-03-06T13:14:34","slug":"ajuntament-de-barcelona-i-cird-lliurament-dels-premis-8-de-marc-i-exposicio-fotografica-i-taula-rodona","status":"publish","type":"post","link":"https:\/\/laindependent.cat\/en\/ajuntament-de-barcelona-i-cird-lliurament-dels-premis-8-de-marc-i-exposicio-fotografica-i-taula-rodona\/","title":{"rendered":"Ajuntament de Barcelona i CIRD: Lliurament dels Premis 8 de Mar\u00e7  i  exposici\u00f3 fotogr\u00e0fica i Taula Rodona"},"content":{"rendered":"<p>\u00a0<\/p>\n<p style=\"text-align: left;\"><strong><span style=\"font-family: trebuchet ms,geneva; font-size: 10pt;\">1. Acte de Lliurament dels Premis 8 de Mar\u00e7 &#8211; Maria Aur\u00e8lia Capmany 2012 sobre coresponsabilitat<\/span><\/strong><\/p>\n<p style=\"text-align: left;\"><span style=\"font-family: trebuchet ms,geneva; font-size: 10pt;\">Es lliurar\u00e0 el Premi del Jurat de 15.000 \u20ac i el Premi del P\u00fablic de 1.000 \u20ac.<\/span><\/p>\n<p style=\"text-align: left;\"><span style=\"font-family: trebuchet ms,geneva; font-size: 10pt;\">A l&#8217;Acte es retr\u00e0 homenatge a la Sra. <strong>Roser Capdevila i Valls<\/strong>, il\u00b7lustradora catalana, popular arran de la publicaci\u00f3 de Les Tres Bessones.<\/span><\/p>\n<p style=\"text-align: left;\"><span style=\"font-family: trebuchet ms,geneva; font-size: 10pt;\">Podeu descarregar-vos el target\u00f3 d&#8217;invitaci\u00f3 a: <a href=\"http:\/\/www.agendadonesbcn.org\/files\/Targetao8Mara2012.pdf\">http:\/\/www.agendadonesbcn.org\/files\/Targetao8Mara2012.pdf<\/a><\/span><\/p>\n<p style=\"text-align: left;\"><span style=\"font-family: trebuchet ms,geneva; font-size: 10pt;\">Dimecres 7 de mar\u00e7<\/span><\/p>\n<p><!--more--><\/p>\n<p style=\"text-align: left;\"><span style=\"font-family: trebuchet ms,geneva; font-size: 10pt;\"><br \/><\/span><\/p>\n<p style=\"text-align: left;\"><span style=\"font-family: trebuchet ms,geneva; font-size: 10pt;\">18 h (nota: la votaci\u00f3 del p\u00fablic ser\u00e0 de les 17:30 a les 17:55)<\/span><\/p>\n<p style=\"text-align: left;\"><span style=\"font-family: trebuchet ms,geneva; font-size: 10pt;\">Sal\u00f3 de Cent, Ajuntament de Barcelona<\/span><\/p>\n<p style=\"text-align: left;\"><span style=\"font-family: trebuchet ms,geneva; font-size: 10pt;\">Pla\u00e7a de Sant Jaume<\/span><\/p>\n<p style=\"text-align: left;\"><span style=\"font-family: trebuchet ms,geneva; font-size: 10pt;\">\u00a0<\/span><span style=\"font-family: trebuchet ms,geneva; font-size: 10pt;\">\u00a0<\/span><\/p>\n<p style=\"text-align: left;\"><span style=\"font-family: trebuchet ms,geneva; font-size: 10pt;\">2. Exposici\u00f3 fotogr\u00e0fica &#8220;Realidades y deseos&#8221;, de <strong>Susana Casar\u00edn<\/strong><\/span><\/p>\n<p style=\"text-align: left;\"><span style=\"font-family: trebuchet ms,geneva; font-size: 10pt;\">La mostra busca adentrar-se en el tema de la desigualtat basada en l&#8217;estigmatitzaci\u00f3, discriminaci\u00f3 i marginaci\u00f3 de g\u00e8nere de les persones transexuals.<\/span><span style=\"font-family: trebuchet ms,geneva; font-size: 10pt;\">\u00a0<\/span><\/p>\n<p style=\"text-align: left;\"><span style=\"font-family: trebuchet ms,geneva; font-size: 10pt;\">De dilluns 5 de mar\u00e7 fins divendres 30 de mar\u00e7<\/span><\/p>\n<p style=\"text-align: left;\"><span style=\"font-family: trebuchet ms,geneva; font-size: 10pt;\">Horari: de dilluns a divendres de 9 a 20 h i dissabtes de 9 a 14 h.<\/span><\/p>\n<p style=\"text-align: left;\"><span style=\"font-family: trebuchet ms,geneva; font-size: 10pt;\">Al CIRD<\/span><\/p>\n<p style=\"text-align: left;\"><span style=\"font-family: trebuchet ms,geneva; font-size: 10pt;\">\u00a0<\/span><\/p>\n<p style=\"text-align: left;\"><span style=\"font-family: trebuchet ms,geneva; font-size: 10pt;\">3. <strong>Taula Rodona \u201cLluites contra la transfobia<\/strong>\u201d, amb la participaci\u00f3 del soci\u00f2leg, <strong>Miquel Miss\u00e9<\/strong>, de l\u2019antrop\u00f2loga, <strong>Julieta Vartabedian <\/strong>i de la fot\u00f2grafa, <strong>Susana Casarin<\/strong>.<\/span><\/p>\n<p style=\"text-align: left;\"><span style=\"font-family: trebuchet ms,geneva; font-size: 10pt;\">Aquest acte inaugura l&#8217;Exposici\u00f3 fotogr\u00e0fica &#8220;Realidades y deseos&#8221;<\/span><\/p>\n<p style=\"text-align: left;\"><span style=\"font-family: trebuchet ms,geneva; font-size: 10pt;\">\u00a0<\/span><span style=\"font-family: trebuchet ms,geneva; font-size: 10pt;\">Dijous, 15 de mar\u00e7<\/span><\/p>\n<p style=\"text-align: left;\"><span style=\"font-family: trebuchet ms,geneva; font-size: 10pt;\">18 h<\/span><\/p>\n<p style=\"text-align: left;\"><span style=\"font-family: trebuchet ms,geneva; font-size: 10pt;\">Al CIRD<\/span><\/p>\n<p style=\"text-align: left;\"><span style=\"font-family: trebuchet ms,geneva; font-size: 10pt;\">Centre d&#8217;Informaci\u00f3 i Recursos per a les Dones (CIRD)<br \/>Regidoria de Dona i Drets Civils<br \/>Ajuntament de Barcelona<br \/>Cam\u00e8lies, 36-38<br \/>08024 Barcelona<br \/>T. 932 85 03 57<br \/><a href=\"mailto:cird@bcn.cat\">cird@bcn.cat<\/a><br \/><a href=\"http:\/\/www.bcn.cat\/dona\">http:\/\/www.bcn.cat\/dona<\/a><\/span><\/p>\n","protected":false},"excerpt":{"rendered":"<p>\u00a0 1. Acte de Lliurament dels Premis 8 de Mar\u00e7 &#8211; Maria Aur\u00e8lia Capmany 2012 sobre coresponsabilitat Es lliurar\u00e0 el Premi del Jurat de 15.000 \u20ac i el Premi del P\u00fablic de 1.000 \u20ac. A l&#8217;Acte es retr\u00e0 homenatge a [&hellip;]<\/p>\n","protected":false},"author":72,"featured_media":0,"comment_status":"open","ping_status":"","sticky":false,"template":"","format":"standard","meta":{"footnotes":""},"categories":[26440],"tags":[],"class_list":["post-56488","post","type-post","status-publish","format-standard","hentry","category-institucional"],"yoast_head":"<!-- This site is optimized with the Yoast SEO plugin v27.4 - https:\/\/yoast.com\/product\/yoast-seo-wordpress\/ -->\n<title>Ajuntament de Barcelona i CIRD: Lliurament dels Premis 8 de Mar\u00e7 i exposici\u00f3 fotogr\u00e0fica i Taula Rodona | La Independent<\/title>\n<meta name=\"description\" content=\"\u00a0 1. Acte de Lliurament dels Premis 8 de Mar\u00e7 - Maria Aur\u00e8lia Capmany 2012 sobre coresponsabilitat Es lliurar\u00e0 el Premi del Jurat de 15.000 \u20ac i el Premi\" \/>\n<meta name=\"robots\" content=\"index, follow, max-snippet:-1, max-image-preview:large, max-video-preview:-1\" \/>\n<link rel=\"canonical\" href=\"https:\/\/laindependent.cat\/en\/ajuntament-de-barcelona-i-cird-lliurament-dels-premis-8-de-marc-i-exposicio-fotografica-i-taula-rodona\/\" \/>\n<meta property=\"og:locale\" content=\"en_US\" \/>\n<meta property=\"og:type\" content=\"article\" \/>\n<meta property=\"og:title\" content=\"Ajuntament de Barcelona i CIRD: Lliurament dels Premis 8 de Mar\u00e7 i exposici\u00f3 fotogr\u00e0fica i Taula Rodona | La Independent\" \/>\n<meta property=\"og:description\" content=\"\u00a0 1. Acte de Lliurament dels Premis 8 de Mar\u00e7 - Maria Aur\u00e8lia Capmany 2012 sobre coresponsabilitat Es lliurar\u00e0 el Premi del Jurat de 15.000 \u20ac i el Premi\" \/>\n<meta property=\"og:url\" content=\"https:\/\/laindependent.cat\/en\/ajuntament-de-barcelona-i-cird-lliurament-dels-premis-8-de-marc-i-exposicio-fotografica-i-taula-rodona\/\" \/>\n<meta property=\"og:site_name\" content=\"La Independent\" \/>\n<meta property=\"article:author\" content=\"https:\/\/www.facebook.com\/tona.gusi\" \/>\n<meta property=\"article:published_time\" content=\"2012-03-06T13:14:34+00:00\" \/>\n<meta name=\"author\" content=\"Tona Gusi\" \/>\n<meta name=\"twitter:card\" content=\"summary_large_image\" \/>\n<meta name=\"twitter:creator\" content=\"@https:\/\/twitter.com\/tonagusi\" \/>\n<meta name=\"twitter:label1\" content=\"Written by\" \/>\n\t<meta name=\"twitter:data1\" content=\"Tona Gusi\" \/>\n\t<meta name=\"twitter:label2\" content=\"Est. reading time\" \/>\n\t<meta name=\"twitter:data2\" content=\"1 minute\" \/>\n<script type=\"application\/ld+json\" class=\"yoast-schema-graph\">{\"@context\":\"https:\\\/\\\/schema.org\",\"@graph\":[{\"@type\":\"Article\",\"@id\":\"https:\\\/\\\/laindependent.cat\\\/en\\\/ajuntament-de-barcelona-i-cird-lliurament-dels-premis-8-de-marc-i-exposicio-fotografica-i-taula-rodona\\\/#article\",\"isPartOf\":{\"@id\":\"https:\\\/\\\/laindependent.cat\\\/en\\\/ajuntament-de-barcelona-i-cird-lliurament-dels-premis-8-de-marc-i-exposicio-fotografica-i-taula-rodona\\\/\"},\"author\":{\"name\":\"Tona Gusi\",\"@id\":\"https:\\\/\\\/laindependent.cat\\\/en\\\/#\\\/schema\\\/person\\\/48977a569b250ff82a4929194239bcc9\"},\"headline\":\"Ajuntament de Barcelona i CIRD: Lliurament dels Premis 8 de Mar\u00e7 i exposici\u00f3 fotogr\u00e0fica i Taula Rodona\",\"datePublished\":\"2012-03-06T13:14:34+00:00\",\"mainEntityOfPage\":{\"@id\":\"https:\\\/\\\/laindependent.cat\\\/en\\\/ajuntament-de-barcelona-i-cird-lliurament-dels-premis-8-de-marc-i-exposicio-fotografica-i-taula-rodona\\\/\"},\"wordCount\":240,\"commentCount\":0,\"publisher\":{\"@id\":\"https:\\\/\\\/laindependent.cat\\\/en\\\/#organization\"},\"articleSection\":[\"Institucional\"],\"inLanguage\":\"en-US\",\"potentialAction\":[{\"@type\":\"CommentAction\",\"name\":\"Comment\",\"target\":[\"https:\\\/\\\/laindependent.cat\\\/en\\\/ajuntament-de-barcelona-i-cird-lliurament-dels-premis-8-de-marc-i-exposicio-fotografica-i-taula-rodona\\\/#respond\"]}]},{\"@type\":\"WebPage\",\"@id\":\"https:\\\/\\\/laindependent.cat\\\/en\\\/ajuntament-de-barcelona-i-cird-lliurament-dels-premis-8-de-marc-i-exposicio-fotografica-i-taula-rodona\\\/\",\"url\":\"https:\\\/\\\/laindependent.cat\\\/en\\\/ajuntament-de-barcelona-i-cird-lliurament-dels-premis-8-de-marc-i-exposicio-fotografica-i-taula-rodona\\\/\",\"name\":\"Ajuntament de Barcelona i CIRD: Lliurament dels Premis 8 de Mar\u00e7 i exposici\u00f3 fotogr\u00e0fica i Taula Rodona | La Independent\",\"isPartOf\":{\"@id\":\"https:\\\/\\\/laindependent.cat\\\/en\\\/#website\"},\"datePublished\":\"2012-03-06T13:14:34+00:00\",\"description\":\"\u00a0 1. Acte de Lliurament dels Premis 8 de Mar\u00e7 - Maria Aur\u00e8lia Capmany 2012 sobre coresponsabilitat Es lliurar\u00e0 el Premi del Jurat de 15.000 \u20ac i el Premi\",\"breadcrumb\":{\"@id\":\"https:\\\/\\\/laindependent.cat\\\/en\\\/ajuntament-de-barcelona-i-cird-lliurament-dels-premis-8-de-marc-i-exposicio-fotografica-i-taula-rodona\\\/#breadcrumb\"},\"inLanguage\":\"en-US\",\"potentialAction\":[{\"@type\":\"ReadAction\",\"target\":[\"https:\\\/\\\/laindependent.cat\\\/en\\\/ajuntament-de-barcelona-i-cird-lliurament-dels-premis-8-de-marc-i-exposicio-fotografica-i-taula-rodona\\\/\"]}]},{\"@type\":\"BreadcrumbList\",\"@id\":\"https:\\\/\\\/laindependent.cat\\\/en\\\/ajuntament-de-barcelona-i-cird-lliurament-dels-premis-8-de-marc-i-exposicio-fotografica-i-taula-rodona\\\/#breadcrumb\",\"itemListElement\":[{\"@type\":\"ListItem\",\"position\":1,\"name\":\"Inici\",\"item\":\"https:\\\/\\\/laindependent.cat\\\/en\\\/\"},{\"@type\":\"ListItem\",\"position\":2,\"name\":\"Apoderament i Lideratge\",\"item\":\"https:\\\/\\\/laindependent.cat\\\/tema\\\/lideratge\\\/\"},{\"@type\":\"ListItem\",\"position\":3,\"name\":\"Participation\",\"item\":\"https:\\\/\\\/laindependent.cat\\\/en\\\/tema\\\/participation\\\/\"},{\"@type\":\"ListItem\",\"position\":4,\"name\":\"Ajuntament de Barcelona i CIRD: Lliurament dels Premis 8 de Mar\u00e7 i exposici\u00f3 fotogr\u00e0fica i Taula Rodona\"}]},{\"@type\":\"WebSite\",\"@id\":\"https:\\\/\\\/laindependent.cat\\\/en\\\/#website\",\"url\":\"https:\\\/\\\/laindependent.cat\\\/en\\\/\",\"name\":\"La Independent\",\"description\":\"Ag\u00e8ncia de not\u00edcies amb visi\u00f3 de g\u00e8nere\",\"publisher\":{\"@id\":\"https:\\\/\\\/laindependent.cat\\\/en\\\/#organization\"},\"alternateName\":\"Ag\u00e8ncia de not\u00edcies amb visi\u00f3 de g\u00e8nere\",\"potentialAction\":[{\"@type\":\"SearchAction\",\"target\":{\"@type\":\"EntryPoint\",\"urlTemplate\":\"https:\\\/\\\/laindependent.cat\\\/en\\\/?s={search_term_string}\"},\"query-input\":{\"@type\":\"PropertyValueSpecification\",\"valueRequired\":true,\"valueName\":\"search_term_string\"}}],\"inLanguage\":\"en-US\"},{\"@type\":\"Organization\",\"@id\":\"https:\\\/\\\/laindependent.cat\\\/en\\\/#organization\",\"name\":\"La Independent\",\"alternateName\":\"Ag\u00e8ncia de not\u00edcies amb visi\u00f3 de g\u00e8nere\",\"url\":\"https:\\\/\\\/laindependent.cat\\\/en\\\/\",\"logo\":{\"@type\":\"ImageObject\",\"inLanguage\":\"en-US\",\"@id\":\"https:\\\/\\\/laindependent.cat\\\/en\\\/#\\\/schema\\\/logo\\\/image\\\/\",\"url\":\"https:\\\/\\\/laindependent.cat\\\/wp-content\\\/uploads\\\/2022\\\/10\\\/logo-independent.svg\",\"contentUrl\":\"https:\\\/\\\/laindependent.cat\\\/wp-content\\\/uploads\\\/2022\\\/10\\\/logo-independent.svg\",\"width\":562,\"height\":78,\"caption\":\"La Independent\"},\"image\":{\"@id\":\"https:\\\/\\\/laindependent.cat\\\/en\\\/#\\\/schema\\\/logo\\\/image\\\/\"}},{\"@type\":\"Person\",\"@id\":\"https:\\\/\\\/laindependent.cat\\\/en\\\/#\\\/schema\\\/person\\\/48977a569b250ff82a4929194239bcc9\",\"name\":\"Tona Gusi\",\"image\":{\"@type\":\"ImageObject\",\"inLanguage\":\"en-US\",\"@id\":\"https:\\\/\\\/secure.gravatar.com\\\/avatar\\\/d09891f52233d2ed7c2e066fc06640e576202983bf7f713e372185f035ac5f67?s=96&d=blank&r=g\",\"url\":\"https:\\\/\\\/secure.gravatar.com\\\/avatar\\\/d09891f52233d2ed7c2e066fc06640e576202983bf7f713e372185f035ac5f67?s=96&d=blank&r=g\",\"contentUrl\":\"https:\\\/\\\/secure.gravatar.com\\\/avatar\\\/d09891f52233d2ed7c2e066fc06640e576202983bf7f713e372185f035ac5f67?s=96&d=blank&r=g\",\"caption\":\"Tona Gusi\"},\"description\":\"Fundadora i Co-coordinadora de La Independent. Tamb\u00e9 \u00e9s psic\u00f2loga menci\u00f3 en Psicologia d'Intervenci\u00f3 Cl\u00ednica i menci\u00f3 en Psicologia del Treball i les Organitzacions.\",\"sameAs\":[\"https:\\\/\\\/www.facebook.com\\\/tona.gusi\",\"https:\\\/\\\/x.com\\\/https:\\\/\\\/twitter.com\\\/tonagusi\"],\"url\":\"https:\\\/\\\/laindependent.cat\\\/en\\\/author\\\/tona-gusi\\\/\"}]}<\/script>\n<!-- \/ Yoast SEO plugin. -->","yoast_head_json":{"title":"Ajuntament de Barcelona i CIRD: Lliurament dels Premis 8 de Mar\u00e7 i exposici\u00f3 fotogr\u00e0fica i Taula Rodona | La Independent","description":"\u00a0 1. Acte de Lliurament dels Premis 8 de Mar\u00e7 - Maria Aur\u00e8lia Capmany 2012 sobre coresponsabilitat Es lliurar\u00e0 el Premi del Jurat de 15.000 \u20ac i el Premi","robots":{"index":"index","follow":"follow","max-snippet":"max-snippet:-1","max-image-preview":"max-image-preview:large","max-video-preview":"max-video-preview:-1"},"canonical":"https:\/\/laindependent.cat\/en\/ajuntament-de-barcelona-i-cird-lliurament-dels-premis-8-de-marc-i-exposicio-fotografica-i-taula-rodona\/","og_locale":"en_US","og_type":"article","og_title":"Ajuntament de Barcelona i CIRD: Lliurament dels Premis 8 de Mar\u00e7 i exposici\u00f3 fotogr\u00e0fica i Taula Rodona | La Independent","og_description":"\u00a0 1. Acte de Lliurament dels Premis 8 de Mar\u00e7 - Maria Aur\u00e8lia Capmany 2012 sobre coresponsabilitat Es lliurar\u00e0 el Premi del Jurat de 15.000 \u20ac i el Premi","og_url":"https:\/\/laindependent.cat\/en\/ajuntament-de-barcelona-i-cird-lliurament-dels-premis-8-de-marc-i-exposicio-fotografica-i-taula-rodona\/","og_site_name":"La Independent","article_author":"https:\/\/www.facebook.com\/tona.gusi","article_published_time":"2012-03-06T13:14:34+00:00","author":"Tona Gusi","twitter_card":"summary_large_image","twitter_creator":"@https:\/\/twitter.com\/tonagusi","twitter_misc":{"Written by":"Tona Gusi","Est. reading time":"1 minute"},"schema":{"@context":"https:\/\/schema.org","@graph":[{"@type":"Article","@id":"https:\/\/laindependent.cat\/en\/ajuntament-de-barcelona-i-cird-lliurament-dels-premis-8-de-marc-i-exposicio-fotografica-i-taula-rodona\/#article","isPartOf":{"@id":"https:\/\/laindependent.cat\/en\/ajuntament-de-barcelona-i-cird-lliurament-dels-premis-8-de-marc-i-exposicio-fotografica-i-taula-rodona\/"},"author":{"name":"Tona Gusi","@id":"https:\/\/laindependent.cat\/en\/#\/schema\/person\/48977a569b250ff82a4929194239bcc9"},"headline":"Ajuntament de Barcelona i CIRD: Lliurament dels Premis 8 de Mar\u00e7 i exposici\u00f3 fotogr\u00e0fica i Taula Rodona","datePublished":"2012-03-06T13:14:34+00:00","mainEntityOfPage":{"@id":"https:\/\/laindependent.cat\/en\/ajuntament-de-barcelona-i-cird-lliurament-dels-premis-8-de-marc-i-exposicio-fotografica-i-taula-rodona\/"},"wordCount":240,"commentCount":0,"publisher":{"@id":"https:\/\/laindependent.cat\/en\/#organization"},"articleSection":["Institucional"],"inLanguage":"en-US","potentialAction":[{"@type":"CommentAction","name":"Comment","target":["https:\/\/laindependent.cat\/en\/ajuntament-de-barcelona-i-cird-lliurament-dels-premis-8-de-marc-i-exposicio-fotografica-i-taula-rodona\/#respond"]}]},{"@type":"WebPage","@id":"https:\/\/laindependent.cat\/en\/ajuntament-de-barcelona-i-cird-lliurament-dels-premis-8-de-marc-i-exposicio-fotografica-i-taula-rodona\/","url":"https:\/\/laindependent.cat\/en\/ajuntament-de-barcelona-i-cird-lliurament-dels-premis-8-de-marc-i-exposicio-fotografica-i-taula-rodona\/","name":"Ajuntament de Barcelona i CIRD: Lliurament dels Premis 8 de Mar\u00e7 i exposici\u00f3 fotogr\u00e0fica i Taula Rodona | La Independent","isPartOf":{"@id":"https:\/\/laindependent.cat\/en\/#website"},"datePublished":"2012-03-06T13:14:34+00:00","description":"\u00a0 1. Acte de Lliurament dels Premis 8 de Mar\u00e7 - Maria Aur\u00e8lia Capmany 2012 sobre coresponsabilitat Es lliurar\u00e0 el Premi del Jurat de 15.000 \u20ac i el Premi","breadcrumb":{"@id":"https:\/\/laindependent.cat\/en\/ajuntament-de-barcelona-i-cird-lliurament-dels-premis-8-de-marc-i-exposicio-fotografica-i-taula-rodona\/#breadcrumb"},"inLanguage":"en-US","potentialAction":[{"@type":"ReadAction","target":["https:\/\/laindependent.cat\/en\/ajuntament-de-barcelona-i-cird-lliurament-dels-premis-8-de-marc-i-exposicio-fotografica-i-taula-rodona\/"]}]},{"@type":"BreadcrumbList","@id":"https:\/\/laindependent.cat\/en\/ajuntament-de-barcelona-i-cird-lliurament-dels-premis-8-de-marc-i-exposicio-fotografica-i-taula-rodona\/#breadcrumb","itemListElement":[{"@type":"ListItem","position":1,"name":"Inici","item":"https:\/\/laindependent.cat\/en\/"},{"@type":"ListItem","position":2,"name":"Apoderament i Lideratge","item":"https:\/\/laindependent.cat\/tema\/lideratge\/"},{"@type":"ListItem","position":3,"name":"Participation","item":"https:\/\/laindependent.cat\/en\/tema\/participation\/"},{"@type":"ListItem","position":4,"name":"Ajuntament de Barcelona i CIRD: Lliurament dels Premis 8 de Mar\u00e7 i exposici\u00f3 fotogr\u00e0fica i Taula Rodona"}]},{"@type":"WebSite","@id":"https:\/\/laindependent.cat\/en\/#website","url":"https:\/\/laindependent.cat\/en\/","name":"La Independent","description":"Ag\u00e8ncia de not\u00edcies amb visi\u00f3 de g\u00e8nere","publisher":{"@id":"https:\/\/laindependent.cat\/en\/#organization"},"alternateName":"Ag\u00e8ncia de not\u00edcies amb visi\u00f3 de g\u00e8nere","potentialAction":[{"@type":"SearchAction","target":{"@type":"EntryPoint","urlTemplate":"https:\/\/laindependent.cat\/en\/?s={search_term_string}"},"query-input":{"@type":"PropertyValueSpecification","valueRequired":true,"valueName":"search_term_string"}}],"inLanguage":"en-US"},{"@type":"Organization","@id":"https:\/\/laindependent.cat\/en\/#organization","name":"La Independent","alternateName":"Ag\u00e8ncia de not\u00edcies amb visi\u00f3 de g\u00e8nere","url":"https:\/\/laindependent.cat\/en\/","logo":{"@type":"ImageObject","inLanguage":"en-US","@id":"https:\/\/laindependent.cat\/en\/#\/schema\/logo\/image\/","url":"https:\/\/laindependent.cat\/wp-content\/uploads\/2022\/10\/logo-independent.svg","contentUrl":"https:\/\/laindependent.cat\/wp-content\/uploads\/2022\/10\/logo-independent.svg","width":562,"height":78,"caption":"La Independent"},"image":{"@id":"https:\/\/laindependent.cat\/en\/#\/schema\/logo\/image\/"}},{"@type":"Person","@id":"https:\/\/laindependent.cat\/en\/#\/schema\/person\/48977a569b250ff82a4929194239bcc9","name":"Tona Gusi","image":{"@type":"ImageObject","inLanguage":"en-US","@id":"https:\/\/secure.gravatar.com\/avatar\/d09891f52233d2ed7c2e066fc06640e576202983bf7f713e372185f035ac5f67?s=96&d=blank&r=g","url":"https:\/\/secure.gravatar.com\/avatar\/d09891f52233d2ed7c2e066fc06640e576202983bf7f713e372185f035ac5f67?s=96&d=blank&r=g","contentUrl":"https:\/\/secure.gravatar.com\/avatar\/d09891f52233d2ed7c2e066fc06640e576202983bf7f713e372185f035ac5f67?s=96&d=blank&r=g","caption":"Tona Gusi"},"description":"Fundadora i Co-coordinadora de La Independent. Tamb\u00e9 \u00e9s psic\u00f2loga menci\u00f3 en Psicologia d'Intervenci\u00f3 Cl\u00ednica i menci\u00f3 en Psicologia del Treball i les Organitzacions.","sameAs":["https:\/\/www.facebook.com\/tona.gusi","https:\/\/x.com\/https:\/\/twitter.com\/tonagusi"],"url":"https:\/\/laindependent.cat\/en\/author\/tona-gusi\/"}]}},"_links":{"self":[{"href":"https:\/\/laindependent.cat\/en\/wp-json\/wp\/v2\/posts\/56488","targetHints":{"allow":["GET"]}}],"collection":[{"href":"https:\/\/laindependent.cat\/en\/wp-json\/wp\/v2\/posts"}],"about":[{"href":"https:\/\/laindependent.cat\/en\/wp-json\/wp\/v2\/types\/post"}],"author":[{"embeddable":true,"href":"https:\/\/laindependent.cat\/en\/wp-json\/wp\/v2\/users\/72"}],"replies":[{"embeddable":true,"href":"https:\/\/laindependent.cat\/en\/wp-json\/wp\/v2\/comments?post=56488"}],"version-history":[{"count":0,"href":"https:\/\/laindependent.cat\/en\/wp-json\/wp\/v2\/posts\/56488\/revisions"}],"wp:attachment":[{"href":"https:\/\/laindependent.cat\/en\/wp-json\/wp\/v2\/media?parent=56488"}],"wp:term":[{"taxonomy":"category","embeddable":true,"href":"https:\/\/laindependent.cat\/en\/wp-json\/wp\/v2\/categories?post=56488"},{"taxonomy":"post_tag","embeddable":true,"href":"https:\/\/laindependent.cat\/en\/wp-json\/wp\/v2\/tags?post=56488"}],"curies":[{"name":"wp","href":"https:\/\/api.w.org\/{rel}","templated":true}]}}