{"id":54711,"date":"2011-05-02T16:53:21","date_gmt":"2011-05-02T14:53:21","guid":{"rendered":"https:\/\/laindependent.cat\/zapatero-participara-en-un-acte-amb-candidates-a-favor-de-la-igualtat\/"},"modified":"2011-05-02T16:53:21","modified_gmt":"2011-05-02T14:53:21","slug":"zapatero-participara-en-un-acte-amb-candidates-a-favor-de-la-igualtat","status":"publish","type":"post","link":"https:\/\/laindependent.cat\/en\/zapatero-participara-en-un-acte-amb-candidates-a-favor-de-la-igualtat\/","title":{"rendered":"Zapatero participar\u00e0 en un acte amb candidates a favor de la igualtat"},"content":{"rendered":"<p>\u00a0<\/p>\n<p style=\"text-align: left;\"><span style=\"font-family: trebuchet ms,geneva; font-size: 10pt;\">El president del Govern i l\u00edder del PSOE, Jos\u00e9 Luis Rodr\u00edguez Zapatero, participar\u00e0 el proper dimarts a Madrid en un acte amb candidates a les eleccions municipals i auton\u00f2miques del 22 de maig per &#8220;presentar els compromisos dels socialistes en favor de la igualtat&#8221;. <\/span><\/p>\n<p><!--more--><\/p>\n<p style=\"text-align: left;\"><span style=\"font-family: trebuchet ms,geneva; font-size: 10pt;\"><br \/><\/span><\/p>\n<p style=\"text-align: left;\"><span style=\"font-family: trebuchet ms,geneva; font-size: 10pt;\">&#8220;Perqu\u00e8 guanyi la igualtat&#8221; \u00e9s el lema escollit per aquest acte, programat per a les dotze del migdia del 3 de maig a la Casa d&#8217;Am\u00e8rica. El grup socialista presenta dones com a n\u00fameros un en les seves llistes a les presid\u00e8ncies dels governs d&#8217;Arag\u00f3 (Eva Almunia), Cant\u00e0bria (Lola Gorostiaga) i M\u00farcia (Bego\u00f1a Garc\u00eda Retegui). <\/span><\/p>\n<p style=\"text-align: left;\"><span style=\"font-family: trebuchet ms,geneva; font-size: 10pt;\">Aquest ser\u00e0 l&#8217;\u00faltim acte de la precampanya en qu\u00e8 intervingui el secretari general del PSOE abans que el dia 6 de maig comenci oficialment la campanya, en qu\u00e8 est\u00e0 prevista la seva assist\u00e8ncia en una desena de m\u00edtings del partit. Sabater obrir\u00e0 la campanya a la seva terra, Lle\u00f3, amb un acte a la tarda del divendres, i la tancar\u00e0 el dia 20 a Madrid. <\/span><\/p>\n<p style=\"text-align: left;\"><span style=\"font-family: trebuchet ms,geneva; font-size: 10pt;\">La secret\u00e0ria de Pol\u00edtiques d&#8217;Igualtat del PSOE, Soledad Cabez\u00f3n, explica en un comunicat que &#8220;en aquest acte volem comptar amb una gran pres\u00e8ncia de dones socialistes, dones que ostenten o han ostentat c\u00e0rrecs p\u00fablics i c\u00e0rrecs org\u00e0nics, dones que han treballat per la igualtat , dones compromeses, dones que coneixen les dificultats en la seva acci\u00f3 pol\u00edtica abans i despr\u00e9s dels governs socialistes, dones que no estan disposades a renunciar a les millores que tant ha costat aconseguir &#8220;. <\/span><\/p>\n<p style=\"text-align: left;\"><span style=\"font-family: trebuchet ms,geneva; font-size: 10pt;\">&#8220;Perqu\u00e8 guanyi la igualtat, totes som necess\u00e0ries&#8221;, conclou Cabez\u00f3n.<\/span><\/p>\n","protected":false},"excerpt":{"rendered":"<p>\u00a0 El president del Govern i l\u00edder del PSOE, Jos\u00e9 Luis Rodr\u00edguez Zapatero, participar\u00e0 el proper dimarts a Madrid en un acte amb candidates a les eleccions municipals i auton\u00f2miques del 22 de maig per &#8220;presentar els compromisos dels socialistes [&hellip;]<\/p>\n","protected":false},"author":72,"featured_media":26734,"comment_status":"open","ping_status":"","sticky":false,"template":"","format":"standard","meta":{"footnotes":""},"categories":[26440],"tags":[],"class_list":["post-54711","post","type-post","status-publish","format-standard","has-post-thumbnail","hentry","category-institucional"],"yoast_head":"<!-- This site is optimized with the Yoast SEO plugin v27.4 - https:\/\/yoast.com\/product\/yoast-seo-wordpress\/ -->\n<title>Zapatero participar\u00e0 en un acte amb candidates a favor de la igualtat | La Independent<\/title>\n<meta name=\"description\" content=\"\u00a0 El president del Govern i l\u00edder del PSOE, Jos\u00e9 Luis Rodr\u00edguez Zapatero, participar\u00e0 el proper dimarts a Madrid en un acte amb candidates a les eleccions\" \/>\n<meta name=\"robots\" content=\"index, follow, max-snippet:-1, max-image-preview:large, max-video-preview:-1\" \/>\n<link rel=\"canonical\" href=\"https:\/\/laindependent.cat\/en\/zapatero-participara-en-un-acte-amb-candidates-a-favor-de-la-igualtat\/\" \/>\n<meta property=\"og:locale\" content=\"en_US\" \/>\n<meta property=\"og:type\" content=\"article\" \/>\n<meta property=\"og:title\" content=\"Zapatero participar\u00e0 en un acte amb candidates a favor de la igualtat | La Independent\" \/>\n<meta property=\"og:description\" content=\"\u00a0 El president del Govern i l\u00edder del PSOE, Jos\u00e9 Luis Rodr\u00edguez Zapatero, participar\u00e0 el proper dimarts a Madrid en un acte amb candidates a les eleccions\" \/>\n<meta property=\"og:url\" content=\"https:\/\/laindependent.cat\/en\/zapatero-participara-en-un-acte-amb-candidates-a-favor-de-la-igualtat\/\" \/>\n<meta property=\"og:site_name\" content=\"La Independent\" \/>\n<meta property=\"article:author\" content=\"https:\/\/www.facebook.com\/tona.gusi\" \/>\n<meta property=\"article:published_time\" content=\"2011-05-02T14:53:21+00:00\" \/>\n<meta name=\"author\" content=\"Tona Gusi\" \/>\n<meta name=\"twitter:card\" content=\"summary_large_image\" \/>\n<meta name=\"twitter:creator\" content=\"@https:\/\/twitter.com\/tonagusi\" \/>\n<meta name=\"twitter:label1\" content=\"Written by\" \/>\n\t<meta name=\"twitter:data1\" content=\"Tona Gusi\" \/>\n\t<meta name=\"twitter:label2\" content=\"Est. reading time\" \/>\n\t<meta name=\"twitter:data2\" content=\"1 minute\" \/>\n<script type=\"application\/ld+json\" class=\"yoast-schema-graph\">{\"@context\":\"https:\\\/\\\/schema.org\",\"@graph\":[{\"@type\":\"Article\",\"@id\":\"https:\\\/\\\/laindependent.cat\\\/en\\\/zapatero-participara-en-un-acte-amb-candidates-a-favor-de-la-igualtat\\\/#article\",\"isPartOf\":{\"@id\":\"https:\\\/\\\/laindependent.cat\\\/en\\\/zapatero-participara-en-un-acte-amb-candidates-a-favor-de-la-igualtat\\\/\"},\"author\":{\"name\":\"Tona Gusi\",\"@id\":\"https:\\\/\\\/laindependent.cat\\\/en\\\/#\\\/schema\\\/person\\\/48977a569b250ff82a4929194239bcc9\"},\"headline\":\"Zapatero participar\u00e0 en un acte amb candidates a favor de la igualtat\",\"datePublished\":\"2011-05-02T14:53:21+00:00\",\"mainEntityOfPage\":{\"@id\":\"https:\\\/\\\/laindependent.cat\\\/en\\\/zapatero-participara-en-un-acte-amb-candidates-a-favor-de-la-igualtat\\\/\"},\"wordCount\":286,\"commentCount\":0,\"publisher\":{\"@id\":\"https:\\\/\\\/laindependent.cat\\\/en\\\/#organization\"},\"image\":{\"@id\":\"https:\\\/\\\/laindependent.cat\\\/en\\\/zapatero-participara-en-un-acte-amb-candidates-a-favor-de-la-igualtat\\\/#primaryimage\"},\"thumbnailUrl\":\"https:\\\/\\\/laindependent.cat\\\/wp-content\\\/uploads\\\/2011\\\/05\\\/J.L._Rodriguez_Zapatero.jpg\",\"articleSection\":[\"Institucional\"],\"inLanguage\":\"en-US\",\"potentialAction\":[{\"@type\":\"CommentAction\",\"name\":\"Comment\",\"target\":[\"https:\\\/\\\/laindependent.cat\\\/en\\\/zapatero-participara-en-un-acte-amb-candidates-a-favor-de-la-igualtat\\\/#respond\"]}]},{\"@type\":\"WebPage\",\"@id\":\"https:\\\/\\\/laindependent.cat\\\/en\\\/zapatero-participara-en-un-acte-amb-candidates-a-favor-de-la-igualtat\\\/\",\"url\":\"https:\\\/\\\/laindependent.cat\\\/en\\\/zapatero-participara-en-un-acte-amb-candidates-a-favor-de-la-igualtat\\\/\",\"name\":\"Zapatero participar\u00e0 en un acte amb candidates a favor de la igualtat | La Independent\",\"isPartOf\":{\"@id\":\"https:\\\/\\\/laindependent.cat\\\/en\\\/#website\"},\"primaryImageOfPage\":{\"@id\":\"https:\\\/\\\/laindependent.cat\\\/en\\\/zapatero-participara-en-un-acte-amb-candidates-a-favor-de-la-igualtat\\\/#primaryimage\"},\"image\":{\"@id\":\"https:\\\/\\\/laindependent.cat\\\/en\\\/zapatero-participara-en-un-acte-amb-candidates-a-favor-de-la-igualtat\\\/#primaryimage\"},\"thumbnailUrl\":\"https:\\\/\\\/laindependent.cat\\\/wp-content\\\/uploads\\\/2011\\\/05\\\/J.L._Rodriguez_Zapatero.jpg\",\"datePublished\":\"2011-05-02T14:53:21+00:00\",\"description\":\"\u00a0 El president del Govern i l\u00edder del PSOE, Jos\u00e9 Luis Rodr\u00edguez Zapatero, participar\u00e0 el proper dimarts a Madrid en un acte amb candidates a les eleccions\",\"breadcrumb\":{\"@id\":\"https:\\\/\\\/laindependent.cat\\\/en\\\/zapatero-participara-en-un-acte-amb-candidates-a-favor-de-la-igualtat\\\/#breadcrumb\"},\"inLanguage\":\"en-US\",\"potentialAction\":[{\"@type\":\"ReadAction\",\"target\":[\"https:\\\/\\\/laindependent.cat\\\/en\\\/zapatero-participara-en-un-acte-amb-candidates-a-favor-de-la-igualtat\\\/\"]}]},{\"@type\":\"ImageObject\",\"inLanguage\":\"en-US\",\"@id\":\"https:\\\/\\\/laindependent.cat\\\/en\\\/zapatero-participara-en-un-acte-amb-candidates-a-favor-de-la-igualtat\\\/#primaryimage\",\"url\":\"https:\\\/\\\/laindependent.cat\\\/wp-content\\\/uploads\\\/2011\\\/05\\\/J.L._Rodriguez_Zapatero.jpg\",\"contentUrl\":\"https:\\\/\\\/laindependent.cat\\\/wp-content\\\/uploads\\\/2011\\\/05\\\/J.L._Rodriguez_Zapatero.jpg\",\"width\":120,\"height\":167,\"caption\":\"Jos\u00e9 Luis Rodr\u00edguez Zapatero\"},{\"@type\":\"BreadcrumbList\",\"@id\":\"https:\\\/\\\/laindependent.cat\\\/en\\\/zapatero-participara-en-un-acte-amb-candidates-a-favor-de-la-igualtat\\\/#breadcrumb\",\"itemListElement\":[{\"@type\":\"ListItem\",\"position\":1,\"name\":\"Inici\",\"item\":\"https:\\\/\\\/laindependent.cat\\\/en\\\/\"},{\"@type\":\"ListItem\",\"position\":2,\"name\":\"Apoderament i Lideratge\",\"item\":\"https:\\\/\\\/laindependent.cat\\\/tema\\\/lideratge\\\/\"},{\"@type\":\"ListItem\",\"position\":3,\"name\":\"Participation\",\"item\":\"https:\\\/\\\/laindependent.cat\\\/en\\\/tema\\\/participation\\\/\"},{\"@type\":\"ListItem\",\"position\":4,\"name\":\"Zapatero participar\u00e0 en un acte amb candidates a favor de la igualtat\"}]},{\"@type\":\"WebSite\",\"@id\":\"https:\\\/\\\/laindependent.cat\\\/en\\\/#website\",\"url\":\"https:\\\/\\\/laindependent.cat\\\/en\\\/\",\"name\":\"La Independent\",\"description\":\"Ag\u00e8ncia de not\u00edcies amb visi\u00f3 de g\u00e8nere\",\"publisher\":{\"@id\":\"https:\\\/\\\/laindependent.cat\\\/en\\\/#organization\"},\"alternateName\":\"Ag\u00e8ncia de not\u00edcies amb visi\u00f3 de g\u00e8nere\",\"potentialAction\":[{\"@type\":\"SearchAction\",\"target\":{\"@type\":\"EntryPoint\",\"urlTemplate\":\"https:\\\/\\\/laindependent.cat\\\/en\\\/?s={search_term_string}\"},\"query-input\":{\"@type\":\"PropertyValueSpecification\",\"valueRequired\":true,\"valueName\":\"search_term_string\"}}],\"inLanguage\":\"en-US\"},{\"@type\":\"Organization\",\"@id\":\"https:\\\/\\\/laindependent.cat\\\/en\\\/#organization\",\"name\":\"La Independent\",\"alternateName\":\"Ag\u00e8ncia de not\u00edcies amb visi\u00f3 de g\u00e8nere\",\"url\":\"https:\\\/\\\/laindependent.cat\\\/en\\\/\",\"logo\":{\"@type\":\"ImageObject\",\"inLanguage\":\"en-US\",\"@id\":\"https:\\\/\\\/laindependent.cat\\\/en\\\/#\\\/schema\\\/logo\\\/image\\\/\",\"url\":\"https:\\\/\\\/laindependent.cat\\\/wp-content\\\/uploads\\\/2022\\\/10\\\/logo-independent.svg\",\"contentUrl\":\"https:\\\/\\\/laindependent.cat\\\/wp-content\\\/uploads\\\/2022\\\/10\\\/logo-independent.svg\",\"width\":562,\"height\":78,\"caption\":\"La Independent\"},\"image\":{\"@id\":\"https:\\\/\\\/laindependent.cat\\\/en\\\/#\\\/schema\\\/logo\\\/image\\\/\"}},{\"@type\":\"Person\",\"@id\":\"https:\\\/\\\/laindependent.cat\\\/en\\\/#\\\/schema\\\/person\\\/48977a569b250ff82a4929194239bcc9\",\"name\":\"Tona Gusi\",\"image\":{\"@type\":\"ImageObject\",\"inLanguage\":\"en-US\",\"@id\":\"https:\\\/\\\/secure.gravatar.com\\\/avatar\\\/d09891f52233d2ed7c2e066fc06640e576202983bf7f713e372185f035ac5f67?s=96&d=blank&r=g\",\"url\":\"https:\\\/\\\/secure.gravatar.com\\\/avatar\\\/d09891f52233d2ed7c2e066fc06640e576202983bf7f713e372185f035ac5f67?s=96&d=blank&r=g\",\"contentUrl\":\"https:\\\/\\\/secure.gravatar.com\\\/avatar\\\/d09891f52233d2ed7c2e066fc06640e576202983bf7f713e372185f035ac5f67?s=96&d=blank&r=g\",\"caption\":\"Tona Gusi\"},\"description\":\"Fundadora i Co-coordinadora de La Independent. Tamb\u00e9 \u00e9s psic\u00f2loga menci\u00f3 en Psicologia d'Intervenci\u00f3 Cl\u00ednica i menci\u00f3 en Psicologia del Treball i les Organitzacions.\",\"sameAs\":[\"https:\\\/\\\/www.facebook.com\\\/tona.gusi\",\"https:\\\/\\\/x.com\\\/https:\\\/\\\/twitter.com\\\/tonagusi\"],\"url\":\"https:\\\/\\\/laindependent.cat\\\/en\\\/author\\\/tona-gusi\\\/\"}]}<\/script>\n<!-- \/ Yoast SEO plugin. -->","yoast_head_json":{"title":"Zapatero participar\u00e0 en un acte amb candidates a favor de la igualtat | La Independent","description":"\u00a0 El president del Govern i l\u00edder del PSOE, Jos\u00e9 Luis Rodr\u00edguez Zapatero, participar\u00e0 el proper dimarts a Madrid en un acte amb candidates a les eleccions","robots":{"index":"index","follow":"follow","max-snippet":"max-snippet:-1","max-image-preview":"max-image-preview:large","max-video-preview":"max-video-preview:-1"},"canonical":"https:\/\/laindependent.cat\/en\/zapatero-participara-en-un-acte-amb-candidates-a-favor-de-la-igualtat\/","og_locale":"en_US","og_type":"article","og_title":"Zapatero participar\u00e0 en un acte amb candidates a favor de la igualtat | La Independent","og_description":"\u00a0 El president del Govern i l\u00edder del PSOE, Jos\u00e9 Luis Rodr\u00edguez Zapatero, participar\u00e0 el proper dimarts a Madrid en un acte amb candidates a les eleccions","og_url":"https:\/\/laindependent.cat\/en\/zapatero-participara-en-un-acte-amb-candidates-a-favor-de-la-igualtat\/","og_site_name":"La Independent","article_author":"https:\/\/www.facebook.com\/tona.gusi","article_published_time":"2011-05-02T14:53:21+00:00","author":"Tona Gusi","twitter_card":"summary_large_image","twitter_creator":"@https:\/\/twitter.com\/tonagusi","twitter_misc":{"Written by":"Tona Gusi","Est. reading time":"1 minute"},"schema":{"@context":"https:\/\/schema.org","@graph":[{"@type":"Article","@id":"https:\/\/laindependent.cat\/en\/zapatero-participara-en-un-acte-amb-candidates-a-favor-de-la-igualtat\/#article","isPartOf":{"@id":"https:\/\/laindependent.cat\/en\/zapatero-participara-en-un-acte-amb-candidates-a-favor-de-la-igualtat\/"},"author":{"name":"Tona Gusi","@id":"https:\/\/laindependent.cat\/en\/#\/schema\/person\/48977a569b250ff82a4929194239bcc9"},"headline":"Zapatero participar\u00e0 en un acte amb candidates a favor de la igualtat","datePublished":"2011-05-02T14:53:21+00:00","mainEntityOfPage":{"@id":"https:\/\/laindependent.cat\/en\/zapatero-participara-en-un-acte-amb-candidates-a-favor-de-la-igualtat\/"},"wordCount":286,"commentCount":0,"publisher":{"@id":"https:\/\/laindependent.cat\/en\/#organization"},"image":{"@id":"https:\/\/laindependent.cat\/en\/zapatero-participara-en-un-acte-amb-candidates-a-favor-de-la-igualtat\/#primaryimage"},"thumbnailUrl":"https:\/\/laindependent.cat\/wp-content\/uploads\/2011\/05\/J.L._Rodriguez_Zapatero.jpg","articleSection":["Institucional"],"inLanguage":"en-US","potentialAction":[{"@type":"CommentAction","name":"Comment","target":["https:\/\/laindependent.cat\/en\/zapatero-participara-en-un-acte-amb-candidates-a-favor-de-la-igualtat\/#respond"]}]},{"@type":"WebPage","@id":"https:\/\/laindependent.cat\/en\/zapatero-participara-en-un-acte-amb-candidates-a-favor-de-la-igualtat\/","url":"https:\/\/laindependent.cat\/en\/zapatero-participara-en-un-acte-amb-candidates-a-favor-de-la-igualtat\/","name":"Zapatero participar\u00e0 en un acte amb candidates a favor de la igualtat | La Independent","isPartOf":{"@id":"https:\/\/laindependent.cat\/en\/#website"},"primaryImageOfPage":{"@id":"https:\/\/laindependent.cat\/en\/zapatero-participara-en-un-acte-amb-candidates-a-favor-de-la-igualtat\/#primaryimage"},"image":{"@id":"https:\/\/laindependent.cat\/en\/zapatero-participara-en-un-acte-amb-candidates-a-favor-de-la-igualtat\/#primaryimage"},"thumbnailUrl":"https:\/\/laindependent.cat\/wp-content\/uploads\/2011\/05\/J.L._Rodriguez_Zapatero.jpg","datePublished":"2011-05-02T14:53:21+00:00","description":"\u00a0 El president del Govern i l\u00edder del PSOE, Jos\u00e9 Luis Rodr\u00edguez Zapatero, participar\u00e0 el proper dimarts a Madrid en un acte amb candidates a les eleccions","breadcrumb":{"@id":"https:\/\/laindependent.cat\/en\/zapatero-participara-en-un-acte-amb-candidates-a-favor-de-la-igualtat\/#breadcrumb"},"inLanguage":"en-US","potentialAction":[{"@type":"ReadAction","target":["https:\/\/laindependent.cat\/en\/zapatero-participara-en-un-acte-amb-candidates-a-favor-de-la-igualtat\/"]}]},{"@type":"ImageObject","inLanguage":"en-US","@id":"https:\/\/laindependent.cat\/en\/zapatero-participara-en-un-acte-amb-candidates-a-favor-de-la-igualtat\/#primaryimage","url":"https:\/\/laindependent.cat\/wp-content\/uploads\/2011\/05\/J.L._Rodriguez_Zapatero.jpg","contentUrl":"https:\/\/laindependent.cat\/wp-content\/uploads\/2011\/05\/J.L._Rodriguez_Zapatero.jpg","width":120,"height":167,"caption":"Jos\u00e9 Luis Rodr\u00edguez Zapatero"},{"@type":"BreadcrumbList","@id":"https:\/\/laindependent.cat\/en\/zapatero-participara-en-un-acte-amb-candidates-a-favor-de-la-igualtat\/#breadcrumb","itemListElement":[{"@type":"ListItem","position":1,"name":"Inici","item":"https:\/\/laindependent.cat\/en\/"},{"@type":"ListItem","position":2,"name":"Apoderament i Lideratge","item":"https:\/\/laindependent.cat\/tema\/lideratge\/"},{"@type":"ListItem","position":3,"name":"Participation","item":"https:\/\/laindependent.cat\/en\/tema\/participation\/"},{"@type":"ListItem","position":4,"name":"Zapatero participar\u00e0 en un acte amb candidates a favor de la igualtat"}]},{"@type":"WebSite","@id":"https:\/\/laindependent.cat\/en\/#website","url":"https:\/\/laindependent.cat\/en\/","name":"La Independent","description":"Ag\u00e8ncia de not\u00edcies amb visi\u00f3 de g\u00e8nere","publisher":{"@id":"https:\/\/laindependent.cat\/en\/#organization"},"alternateName":"Ag\u00e8ncia de not\u00edcies amb visi\u00f3 de g\u00e8nere","potentialAction":[{"@type":"SearchAction","target":{"@type":"EntryPoint","urlTemplate":"https:\/\/laindependent.cat\/en\/?s={search_term_string}"},"query-input":{"@type":"PropertyValueSpecification","valueRequired":true,"valueName":"search_term_string"}}],"inLanguage":"en-US"},{"@type":"Organization","@id":"https:\/\/laindependent.cat\/en\/#organization","name":"La Independent","alternateName":"Ag\u00e8ncia de not\u00edcies amb visi\u00f3 de g\u00e8nere","url":"https:\/\/laindependent.cat\/en\/","logo":{"@type":"ImageObject","inLanguage":"en-US","@id":"https:\/\/laindependent.cat\/en\/#\/schema\/logo\/image\/","url":"https:\/\/laindependent.cat\/wp-content\/uploads\/2022\/10\/logo-independent.svg","contentUrl":"https:\/\/laindependent.cat\/wp-content\/uploads\/2022\/10\/logo-independent.svg","width":562,"height":78,"caption":"La Independent"},"image":{"@id":"https:\/\/laindependent.cat\/en\/#\/schema\/logo\/image\/"}},{"@type":"Person","@id":"https:\/\/laindependent.cat\/en\/#\/schema\/person\/48977a569b250ff82a4929194239bcc9","name":"Tona Gusi","image":{"@type":"ImageObject","inLanguage":"en-US","@id":"https:\/\/secure.gravatar.com\/avatar\/d09891f52233d2ed7c2e066fc06640e576202983bf7f713e372185f035ac5f67?s=96&d=blank&r=g","url":"https:\/\/secure.gravatar.com\/avatar\/d09891f52233d2ed7c2e066fc06640e576202983bf7f713e372185f035ac5f67?s=96&d=blank&r=g","contentUrl":"https:\/\/secure.gravatar.com\/avatar\/d09891f52233d2ed7c2e066fc06640e576202983bf7f713e372185f035ac5f67?s=96&d=blank&r=g","caption":"Tona Gusi"},"description":"Fundadora i Co-coordinadora de La Independent. Tamb\u00e9 \u00e9s psic\u00f2loga menci\u00f3 en Psicologia d'Intervenci\u00f3 Cl\u00ednica i menci\u00f3 en Psicologia del Treball i les Organitzacions.","sameAs":["https:\/\/www.facebook.com\/tona.gusi","https:\/\/x.com\/https:\/\/twitter.com\/tonagusi"],"url":"https:\/\/laindependent.cat\/en\/author\/tona-gusi\/"}]}},"_links":{"self":[{"href":"https:\/\/laindependent.cat\/en\/wp-json\/wp\/v2\/posts\/54711","targetHints":{"allow":["GET"]}}],"collection":[{"href":"https:\/\/laindependent.cat\/en\/wp-json\/wp\/v2\/posts"}],"about":[{"href":"https:\/\/laindependent.cat\/en\/wp-json\/wp\/v2\/types\/post"}],"author":[{"embeddable":true,"href":"https:\/\/laindependent.cat\/en\/wp-json\/wp\/v2\/users\/72"}],"replies":[{"embeddable":true,"href":"https:\/\/laindependent.cat\/en\/wp-json\/wp\/v2\/comments?post=54711"}],"version-history":[{"count":0,"href":"https:\/\/laindependent.cat\/en\/wp-json\/wp\/v2\/posts\/54711\/revisions"}],"wp:featuredmedia":[{"embeddable":true,"href":"https:\/\/laindependent.cat\/en\/wp-json\/wp\/v2\/media\/26734"}],"wp:attachment":[{"href":"https:\/\/laindependent.cat\/en\/wp-json\/wp\/v2\/media?parent=54711"}],"wp:term":[{"taxonomy":"category","embeddable":true,"href":"https:\/\/laindependent.cat\/en\/wp-json\/wp\/v2\/categories?post=54711"},{"taxonomy":"post_tag","embeddable":true,"href":"https:\/\/laindependent.cat\/en\/wp-json\/wp\/v2\/tags?post=54711"}],"curies":[{"name":"wp","href":"https:\/\/api.w.org\/{rel}","templated":true}]}}