{"id":54517,"date":"2011-03-08T11:42:54","date_gmt":"2011-03-08T10:42:54","guid":{"rendered":"https:\/\/laindependent.cat\/les-dones-del-sud-de-la-mediterrania-ens-estan-donant-una-llico-a-les-del-nord-diu-alexandra-mancuso\/"},"modified":"2011-03-08T11:42:54","modified_gmt":"2011-03-08T10:42:54","slug":"les-dones-del-sud-de-la-mediterrania-ens-estan-donant-una-llico-a-les-del-nord-diu-alexandra-mancuso","status":"publish","type":"post","link":"https:\/\/laindependent.cat\/en\/les-dones-del-sud-de-la-mediterrania-ens-estan-donant-una-llico-a-les-del-nord-diu-alexandra-mancuso\/","title":{"rendered":"\u201cLes dones del sud de la Mediterr\u00e0nia ens estan donant una lli\u00e7\u00f3 a les del nord\u201d, diu Alexandra Mancuso"},"content":{"rendered":"<p style=\"text-align: left;\"><strong><span style=\"font-size: 10pt; font-family: trebuchet ms,geneva;\">Jornades realitzades a Roma<\/span><\/strong><\/p>\n<p style=\"text-align: left;\"><span style=\"font-size: 10pt; font-family: trebuchet ms,geneva;\"><b>Alessandra Mancuso<\/b> \u00e9s periodista de la RAI italiana i una de les participants a la Primera Convenci\u00f3 Internacional de les xarxes independents de periodistes amb visi\u00f3 de g\u00e8nere i alhora IV Trobada de la Xarxa Mediterr\u00e0nia de periodistes i comunicadores, que s&#8217;ha desenvolupat a Roma els dies 4 i 5 de mar\u00e7.<\/span><\/p>\n<p style=\"text-align: left;\"><span style=\"font-size: 10pt; font-family: trebuchet ms,geneva;\"><\/span><\/p>\n<p style=\"text-align: left;\"><span style=\"font-size: 10pt; font-family: trebuchet ms,geneva;\">Organitzada pel Departament de Drets i Igualtat d&#8217;oportunitats de l&#8217;Associaci\u00f3 de la Premsa Romana i per la Xarxa Mediterr\u00e0nia de Periodistes i Comunicadores, la trobada ha estat marcada en el discurs per l&#8217;esperit dels recents esdeveniments de Tun\u00edsia o Egipte, on les dones han tingut un especial protagonisme per\u00f2, paradoxalment, tamb\u00e9 per una escassa pres\u00e8ncia de periodistes provinents del sud de la Mediterr\u00e0nia. <\/span><\/p>\n<p style=\"text-align: left;\">\u00a0<\/p>\n<p><!--more--><\/p>\n<p>\u00a0<\/p>\n<p style=\"text-align: left;\"><span style=\"font-size: 10pt; font-family: trebuchet ms,geneva;\">Aix\u00ed, m\u00e9s d&#8217;un centenar de periodistes, comunicadores, representants pol\u00edtiques i d&#8217;entitats de dones, majorit\u00e0riament italianes, van discutir sobre temes com el llenguatge, la imatge de les dones als mitjans, les iniciatives que han sorgit per visibilitzar les dones com ara les noves ag\u00e8ncies de not\u00edcies amb visi\u00f3 de g\u00e8nere, com La Independent o Ameco Press, o sobre com podem establir sin\u00e8rgies de col\u00b7laboraci\u00f3 entre les periodistes d&#8217;ambdues ribes de la Mediterr\u00e0nia.<\/span><\/p>\n<p style=\"text-align: left;\"><span style=\"font-size: 10pt; font-family: trebuchet ms,geneva;\">Com va comentar una de les poques periodistes del sud presents, la tunisiana <b>Naila Jrad<\/b>, \u201csi els drets no es defensen, es perden\u201d, en refer\u00e8ncia als m\u00faltiples comentaris de les companyes italianes denunciant l&#8217;aparent retroc\u00e8s en els drets de les dones al seu pa\u00eds.<\/span><\/p>\n<p style=\"text-align: left;\"><span style=\"font-size: 10pt; font-family: trebuchet ms,geneva;\">Precisament <b>Montserrat Minobis<\/b>, presidenta de la Xarxa Mediterr\u00e0nia, va ressaltar que \u201caquest \u00e9s un moment important per tal de donar suport a les nostres companyes italianes en les seves reivindicacions de llibertat d&#8217;expressi\u00f3\u201d. Minobis, tamb\u00e9 presidenta de l\u2019ag\u00e8ncia <a href=\"http:\/\/www.laindependent.cat\/\">La Independent<\/a>, va explicar la favorable situaci\u00f3 a Espanya vers les dones, almenys en el terreny legislatiu, tot i que no s&#8217;acompleixen totes les lleis i que encara estem lluny de la paritat, amb nom\u00e9s un 8% de dones a c\u00e0rrecs directius.<\/span><\/p>\n<p style=\"text-align: left;\"><span style=\"font-size: 10pt; font-family: trebuchet ms,geneva;\">En aquest sentit, moltes de les participants locals van destacar la import\u00e0ncia de fer avan\u00e7ar les lleis a It\u00e0lia per tal d&#8217;assolir la paritat, a exemple de pa\u00efsos com Noruega, que ha establert quotes per\u00f2 van coincidir en la dificultat del moment pol\u00edtic en el qual es troben. <b>Marcella Corsi<\/b>, d\u2019<a href=\"http:\/\/www.ingenere.it\/\">Ingenere.it<\/a>, va parlar de fer propostes conjuntes a nivell europeu mentre que <b>Franca Cipriani<\/b>, consellera de Paritat de la prov\u00edncia de Roma, va apostar per una alian\u00e7a entre el m\u00f3n de la informaci\u00f3 i les que treballen per la igualtat a les institucions p\u00fabliques.<img fetchpriority=\"high\" decoding=\"async\" class=\" alignright size-full wp-image-26591\" src=\"https:\/\/laindependent.cat\/wp-content\/uploads\/2011\/03\/a_roma.jpg\" alt=\"a_roma\" style=\"margin: 7px; display: block; float: right;\" height=\"225\" width=\"300\" srcset=\"https:\/\/laindependent.cat\/wp-content\/uploads\/2011\/03\/a_roma.jpg 333w, https:\/\/laindependent.cat\/wp-content\/uploads\/2011\/03\/a_roma-300x225.jpg 300w\" sizes=\"(max-width: 300px) 100vw, 300px\" \/><\/span><\/p>\n<p style=\"text-align: left;\"><span style=\"font-size: 10pt; font-family: trebuchet ms,geneva;\">\u00a0<\/span><\/p>\n<p style=\"text-align: left;\"><span style=\"font-size: 10pt; font-family: trebuchet ms,geneva;\">En all\u00f2 que respecta a la situaci\u00f3 de les dones periodistes, el panorama tampoc ha variat darrerament. <b>Silvia Garambois<\/b>, de la Federaci\u00f3 Nacional de la Premsa italiana va dir que \u201ctot ser les dones periodistes el 40% de la professi\u00f3, dels 118 diaris nom\u00e9s 3 tenen directores\u201d. Tamb\u00e9 va comentar la llei que properament sortir\u00e0 per a qu\u00e8 les dones periodistes es puguin jubilar als 65 anys, a la qual s&#8217;ha de tenir en compte que els recorreguts laborals de dones i homes periodistes s\u00f3n molt sovint desiguals, ja que les dones han de treballar m\u00e9s anys perqu\u00e8 han cotitzat menys. <b>Lucia Visca<\/b>, presidenta de la Comissi\u00f3 d&#8217;Igualtat d&#8217;oportunitats de la Federaci\u00f3 Nacional de la Premsa Italiana, va destacar que It\u00e0lia es troba en el lloc 74 (de 134) en la llista de pa\u00efsos per nivell de partitat de g\u00e8nere i va mostrar amb gr\u00e0fiques com hi ha desigualtats a nivell salarial entre dones i homes periodistes al seu pa\u00eds.<\/span><\/p>\n<p style=\"text-align: left;\"><span style=\"font-size: 10pt; font-family: trebuchet ms,geneva;\"><b>Marcelle Padovani<\/b>, corresponsal del <i>Nouvel Observateur<\/i> va donar les dades a Fran\u00e7a: 55% de dones periodistes i nom\u00e9s un 10% d&#8217;elles en llocs directius en un pa\u00eds, on segons la veterana periodista francesa, \u201cla llei de paritat s&#8217;incompleix constantment\u201d.<\/span><\/p>\n<p style=\"text-align: left;\"><span style=\"font-size: 10pt; font-family: trebuchet ms,geneva;\"><b>Dones de la Mediterr\u00e0nia<\/b><\/span><\/p>\n<p style=\"text-align: left;\"><span style=\"font-size: 10pt; font-family: trebuchet ms,geneva;\">A la trobada es va parlar de com veiem la realitat de les dones de la Mediterr\u00e0nia a trav\u00e9s dels mitjans i, en aquest sentit, <b>Giovanna Botteri<\/b>, corresponsal a Nova York, va explicar via videoconferencia com \u201cgr\u00e0cies a la cobertura que els mitjans dels Estats Units d\u2019Am\u00e8rica han fet de les revolucions al Magrib, s&#8217;han vist altres models de dones que no havien vist abans\u201d, i com per primera vegada s&#8217;ha donat una certa complicitat entre la premsa estrangera i els manifestants, per despr\u00e9s q\u00fcestionar-se qu\u00e8 \u00e9s el que guanyaran les dones amb la revoluci\u00f3, quin paper finalment tindran o els hi deixaran tenir.<\/span><\/p>\n<p style=\"text-align: left;\"><span style=\"font-size: 10pt; font-family: trebuchet ms,geneva;\">Per\u00f2 si va haver una intervenci\u00f3 especial, aquesta va ser la de la periodista eg\u00edpcia <b>Randa Adel Achmawi<\/b>, qui, visiblement emocionada pel triomf de la revoluci\u00f3 al seu pa\u00eds, no va dubtar en declarar que \u201ctotes pertanyem a una mateixa fam\u00edlia mediterr\u00e0nia; em vaig emocionar quan vaig veure les manifestacions a tota Europa on les dones deien: totes som eg\u00edpcies\u201d. Randa va tornar a parlar de l&#8217;important paper de les dones eg\u00edpcies a la revoluci\u00f3, tot destacant que sempre han estat al peu del can\u00f3 en els moments hist\u00f2rics m\u00e9s destacats del seu pa\u00eds, i va aprofitar per anunciar que avui, 8 de mar\u00e7, es prepara una gran manifestaci\u00f3 que aplegar\u00e0 un mili\u00f3 de dones a Egipte.<\/span><\/p>\n<p style=\"text-align: left;\"><span style=\"font-size: 10pt; font-family: trebuchet ms,geneva;\"><img decoding=\"async\" class=\"alignleft size-full wp-image-26592 lazyload\" data-src=\"https:\/\/laindependent.cat\/wp-content\/uploads\/2011\/03\/a_Roma_2.jpg\" alt=\"a_Roma_2\" style=\"--smush-placeholder-width: 300px; --smush-placeholder-aspect-ratio: 300\/225;margin: 7px; display: block; float: left;\" height=\"225\" width=\"300\" data-srcset=\"https:\/\/laindependent.cat\/wp-content\/uploads\/2011\/03\/a_Roma_2.jpg 333w, https:\/\/laindependent.cat\/wp-content\/uploads\/2011\/03\/a_Roma_2-300x225.jpg 300w\" data-sizes=\"(max-width: 300px) 100vw, 300px\" src=\"data:image\/svg+xml;base64,PHN2ZyB3aWR0aD0iMSIgaGVpZ2h0PSIxIiB4bWxucz0iaHR0cDovL3d3dy53My5vcmcvMjAwMC9zdmciPjwvc3ZnPg==\" \/><\/span><\/p>\n<p style=\"text-align: left;\"><span style=\"font-size: 10pt; font-family: trebuchet ms,geneva;\">I \u00e9s que totes van coincidir en que la Xarxa Mediterr\u00e0nia de Periodistes i Comunicadores ha de ser el marc d&#8217;uns intercanvis m\u00e9s estrets d&#8217;informaci\u00f3 i d&#8217;un treball en xarxa m\u00e9s actiu. Per aix\u00f2, comptem amb noves eines gr\u00e0cies a les noves tecnologies de la informaci\u00f3, que ja estan en marxa, per poder coordinar les nostres reivindicacions com ara la <i>newsletter<\/i> <a href=\"http:\/\/donesiconflicte.wordpress.com\/\">Dones, periodistes i conflicte<\/a>, que tamb\u00e9 es va presentar a la Trobada. Aquesta <i>newsletter<\/i>, que des del 2008 es coordina des de la Xarxa Mediterr\u00e0nia a Catalunya, inclou articles de periodistes de la Mediterr\u00e0nia, tractant especialment temes relacionats amb la situaci\u00f3 de les dones en els conflictes a la zona o temes \u201cprohibits\u201d i escrits per periodistes de la riba sud, arriba a m\u00e9s de 200 periodistes i experts\/tes.<\/span><\/p>\n<p style=\"text-align: left;\"><span style=\"font-size: 10pt; font-family: trebuchet ms,geneva;\">A la darrera jornada de la trobada, es va anunciar la propera redacci\u00f3 d&#8217;una Carta de les Periodistes de la Mediterr\u00e0nia, una mena de full de ruta amb els objectius a assolir, mentre que l&#8217;eurodiputada italiana <b>Silvia Costa<\/b> va anunciar una s\u00e8rie d&#8217;audicions amb dones representatives de la Mediterr\u00e0nia per tal de con\u00e8ixer les seves reivindicacions m\u00e9s de prop i tamb\u00e9 la probable iniciativa judicial, a trav\u00e9s de la Carta Europea dels Drets Humans, contra la imatge enganyosa i discriminat\u00f2ria que d\u00f3na la publicitat de les dones. I \u00e9s que totes les assistents van coincidir en qu\u00e8 no es pot baixar la gu\u00e0rdia, ja que com va expressar la veterana periodista <b>Adelle Cambria<\/b> \u201cquelcom de greu passa quan la nostra generaci\u00f3 va voler pujar les nostres filles lliures i felices i ara, en canvi, es diu lliures, sanes i est\u00e0lvies, donada la creixent viol\u00e8ncia contra les dones que impregna la nostra societat\u201d.<\/span><\/p>\n","protected":false},"excerpt":{"rendered":"<p>Jornades realitzades a Roma Alessandra Mancuso \u00e9s periodista de la RAI italiana i una de les participants a la Primera Convenci\u00f3 Internacional de les xarxes independents de periodistes amb visi\u00f3 de g\u00e8nere i alhora IV Trobada de la Xarxa Mediterr\u00e0nia [&hellip;]<\/p>\n","protected":false},"author":77,"featured_media":26590,"comment_status":"open","ping_status":"","sticky":false,"template":"","format":"standard","meta":{"footnotes":""},"categories":[26629],"tags":[],"class_list":["post-54517","post","type-post","status-publish","format-standard","has-post-thumbnail","hentry","category-p-moviments-socials"],"yoast_head":"<!-- This site is optimized with the Yoast SEO plugin v27.4 - https:\/\/yoast.com\/product\/yoast-seo-wordpress\/ -->\n<title>\u201cLes dones del sud de la Mediterr\u00e0nia ens estan donant una lli\u00e7\u00f3 a les del nord\u201d, diu Alexandra Mancuso | La Independent<\/title>\n<meta name=\"description\" content=\"Jornades realitzades a Roma Alessandra Mancuso \u00e9s periodista de la RAI italiana i una de les participants a la Primera Convenci\u00f3 Internacional de les\" \/>\n<meta name=\"robots\" content=\"index, follow, max-snippet:-1, max-image-preview:large, max-video-preview:-1\" \/>\n<link rel=\"canonical\" href=\"https:\/\/laindependent.cat\/en\/les-dones-del-sud-de-la-mediterrania-ens-estan-donant-una-llico-a-les-del-nord-diu-alexandra-mancuso\/\" \/>\n<meta property=\"og:locale\" content=\"en_US\" \/>\n<meta property=\"og:type\" content=\"article\" \/>\n<meta property=\"og:title\" content=\"\u201cLes dones del sud de la Mediterr\u00e0nia ens estan donant una lli\u00e7\u00f3 a les del nord\u201d, diu Alexandra Mancuso | La Independent\" \/>\n<meta property=\"og:description\" content=\"Jornades realitzades a Roma Alessandra Mancuso \u00e9s periodista de la RAI italiana i una de les participants a la Primera Convenci\u00f3 Internacional de les\" \/>\n<meta property=\"og:url\" content=\"https:\/\/laindependent.cat\/en\/les-dones-del-sud-de-la-mediterrania-ens-estan-donant-una-llico-a-les-del-nord-diu-alexandra-mancuso\/\" \/>\n<meta property=\"og:site_name\" content=\"La Independent\" \/>\n<meta property=\"article:published_time\" content=\"2011-03-08T10:42:54+00:00\" \/>\n<meta property=\"og:image\" content=\"https:\/\/laindependent.cat\/wp-content\/uploads\/2011\/03\/a_logo.jpg\" \/>\n\t<meta property=\"og:image:width\" content=\"200\" \/>\n\t<meta property=\"og:image:height\" content=\"200\" \/>\n\t<meta property=\"og:image:type\" content=\"image\/jpeg\" \/>\n<meta name=\"author\" content=\"Esther Molas\" \/>\n<meta name=\"twitter:card\" content=\"summary_large_image\" \/>\n<meta name=\"twitter:label1\" content=\"Written by\" \/>\n\t<meta name=\"twitter:data1\" content=\"Esther Molas\" \/>\n\t<meta name=\"twitter:label2\" content=\"Est. reading time\" \/>\n\t<meta name=\"twitter:data2\" content=\"6 minutes\" \/>\n<script type=\"application\/ld+json\" class=\"yoast-schema-graph\">{\"@context\":\"https:\\\/\\\/schema.org\",\"@graph\":[{\"@type\":\"Article\",\"@id\":\"https:\\\/\\\/laindependent.cat\\\/en\\\/les-dones-del-sud-de-la-mediterrania-ens-estan-donant-una-llico-a-les-del-nord-diu-alexandra-mancuso\\\/#article\",\"isPartOf\":{\"@id\":\"https:\\\/\\\/laindependent.cat\\\/en\\\/les-dones-del-sud-de-la-mediterrania-ens-estan-donant-una-llico-a-les-del-nord-diu-alexandra-mancuso\\\/\"},\"author\":{\"name\":\"Esther Molas\",\"@id\":\"https:\\\/\\\/laindependent.cat\\\/en\\\/#\\\/schema\\\/person\\\/0d97821850f24572139d259c7d050e97\"},\"headline\":\"\u201cLes dones del sud de la Mediterr\u00e0nia ens estan donant una lli\u00e7\u00f3 a les del nord\u201d, diu Alexandra Mancuso\",\"datePublished\":\"2011-03-08T10:42:54+00:00\",\"mainEntityOfPage\":{\"@id\":\"https:\\\/\\\/laindependent.cat\\\/en\\\/les-dones-del-sud-de-la-mediterrania-ens-estan-donant-una-llico-a-les-del-nord-diu-alexandra-mancuso\\\/\"},\"wordCount\":1227,\"commentCount\":0,\"publisher\":{\"@id\":\"https:\\\/\\\/laindependent.cat\\\/en\\\/#organization\"},\"image\":{\"@id\":\"https:\\\/\\\/laindependent.cat\\\/en\\\/les-dones-del-sud-de-la-mediterrania-ens-estan-donant-una-llico-a-les-del-nord-diu-alexandra-mancuso\\\/#primaryimage\"},\"thumbnailUrl\":\"https:\\\/\\\/laindependent.cat\\\/wp-content\\\/uploads\\\/2011\\\/03\\\/a_logo.jpg\",\"articleSection\":[\"Moviments Socials\"],\"inLanguage\":\"en-US\",\"potentialAction\":[{\"@type\":\"CommentAction\",\"name\":\"Comment\",\"target\":[\"https:\\\/\\\/laindependent.cat\\\/en\\\/les-dones-del-sud-de-la-mediterrania-ens-estan-donant-una-llico-a-les-del-nord-diu-alexandra-mancuso\\\/#respond\"]}]},{\"@type\":\"WebPage\",\"@id\":\"https:\\\/\\\/laindependent.cat\\\/en\\\/les-dones-del-sud-de-la-mediterrania-ens-estan-donant-una-llico-a-les-del-nord-diu-alexandra-mancuso\\\/\",\"url\":\"https:\\\/\\\/laindependent.cat\\\/en\\\/les-dones-del-sud-de-la-mediterrania-ens-estan-donant-una-llico-a-les-del-nord-diu-alexandra-mancuso\\\/\",\"name\":\"\u201cLes dones del sud de la Mediterr\u00e0nia ens estan donant una lli\u00e7\u00f3 a les del nord\u201d, diu Alexandra Mancuso | La Independent\",\"isPartOf\":{\"@id\":\"https:\\\/\\\/laindependent.cat\\\/en\\\/#website\"},\"primaryImageOfPage\":{\"@id\":\"https:\\\/\\\/laindependent.cat\\\/en\\\/les-dones-del-sud-de-la-mediterrania-ens-estan-donant-una-llico-a-les-del-nord-diu-alexandra-mancuso\\\/#primaryimage\"},\"image\":{\"@id\":\"https:\\\/\\\/laindependent.cat\\\/en\\\/les-dones-del-sud-de-la-mediterrania-ens-estan-donant-una-llico-a-les-del-nord-diu-alexandra-mancuso\\\/#primaryimage\"},\"thumbnailUrl\":\"https:\\\/\\\/laindependent.cat\\\/wp-content\\\/uploads\\\/2011\\\/03\\\/a_logo.jpg\",\"datePublished\":\"2011-03-08T10:42:54+00:00\",\"description\":\"Jornades realitzades a Roma Alessandra Mancuso \u00e9s periodista de la RAI italiana i una de les participants a la Primera Convenci\u00f3 Internacional de les\",\"breadcrumb\":{\"@id\":\"https:\\\/\\\/laindependent.cat\\\/en\\\/les-dones-del-sud-de-la-mediterrania-ens-estan-donant-una-llico-a-les-del-nord-diu-alexandra-mancuso\\\/#breadcrumb\"},\"inLanguage\":\"en-US\",\"potentialAction\":[{\"@type\":\"ReadAction\",\"target\":[\"https:\\\/\\\/laindependent.cat\\\/en\\\/les-dones-del-sud-de-la-mediterrania-ens-estan-donant-una-llico-a-les-del-nord-diu-alexandra-mancuso\\\/\"]}]},{\"@type\":\"ImageObject\",\"inLanguage\":\"en-US\",\"@id\":\"https:\\\/\\\/laindependent.cat\\\/en\\\/les-dones-del-sud-de-la-mediterrania-ens-estan-donant-una-llico-a-les-del-nord-diu-alexandra-mancuso\\\/#primaryimage\",\"url\":\"https:\\\/\\\/laindependent.cat\\\/wp-content\\\/uploads\\\/2011\\\/03\\\/a_logo.jpg\",\"contentUrl\":\"https:\\\/\\\/laindependent.cat\\\/wp-content\\\/uploads\\\/2011\\\/03\\\/a_logo.jpg\",\"width\":200,\"height\":200},{\"@type\":\"BreadcrumbList\",\"@id\":\"https:\\\/\\\/laindependent.cat\\\/en\\\/les-dones-del-sud-de-la-mediterrania-ens-estan-donant-una-llico-a-les-del-nord-diu-alexandra-mancuso\\\/#breadcrumb\",\"itemListElement\":[{\"@type\":\"ListItem\",\"position\":1,\"name\":\"Inici\",\"item\":\"https:\\\/\\\/laindependent.cat\\\/en\\\/\"},{\"@type\":\"ListItem\",\"position\":2,\"name\":\"Apoderament i Lideratge\",\"item\":\"https:\\\/\\\/laindependent.cat\\\/tema\\\/lideratge\\\/\"},{\"@type\":\"ListItem\",\"position\":3,\"name\":\"Moviments Socials\",\"item\":\"https:\\\/\\\/laindependent.cat\\\/tema\\\/lideratge\\\/p-moviments-socials\\\/\"},{\"@type\":\"ListItem\",\"position\":4,\"name\":\"\u201cLes dones del sud de la Mediterr\u00e0nia ens estan donant una lli\u00e7\u00f3 a les del nord\u201d, diu Alexandra Mancuso\"}]},{\"@type\":\"WebSite\",\"@id\":\"https:\\\/\\\/laindependent.cat\\\/en\\\/#website\",\"url\":\"https:\\\/\\\/laindependent.cat\\\/en\\\/\",\"name\":\"La Independent\",\"description\":\"Ag\u00e8ncia de not\u00edcies amb visi\u00f3 de g\u00e8nere\",\"publisher\":{\"@id\":\"https:\\\/\\\/laindependent.cat\\\/en\\\/#organization\"},\"alternateName\":\"Ag\u00e8ncia de not\u00edcies amb visi\u00f3 de g\u00e8nere\",\"potentialAction\":[{\"@type\":\"SearchAction\",\"target\":{\"@type\":\"EntryPoint\",\"urlTemplate\":\"https:\\\/\\\/laindependent.cat\\\/en\\\/?s={search_term_string}\"},\"query-input\":{\"@type\":\"PropertyValueSpecification\",\"valueRequired\":true,\"valueName\":\"search_term_string\"}}],\"inLanguage\":\"en-US\"},{\"@type\":\"Organization\",\"@id\":\"https:\\\/\\\/laindependent.cat\\\/en\\\/#organization\",\"name\":\"La Independent\",\"alternateName\":\"Ag\u00e8ncia de not\u00edcies amb visi\u00f3 de g\u00e8nere\",\"url\":\"https:\\\/\\\/laindependent.cat\\\/en\\\/\",\"logo\":{\"@type\":\"ImageObject\",\"inLanguage\":\"en-US\",\"@id\":\"https:\\\/\\\/laindependent.cat\\\/en\\\/#\\\/schema\\\/logo\\\/image\\\/\",\"url\":\"https:\\\/\\\/laindependent.cat\\\/wp-content\\\/uploads\\\/2022\\\/10\\\/logo-independent.svg\",\"contentUrl\":\"https:\\\/\\\/laindependent.cat\\\/wp-content\\\/uploads\\\/2022\\\/10\\\/logo-independent.svg\",\"width\":562,\"height\":78,\"caption\":\"La Independent\"},\"image\":{\"@id\":\"https:\\\/\\\/laindependent.cat\\\/en\\\/#\\\/schema\\\/logo\\\/image\\\/\"}},{\"@type\":\"Person\",\"@id\":\"https:\\\/\\\/laindependent.cat\\\/en\\\/#\\\/schema\\\/person\\\/0d97821850f24572139d259c7d050e97\",\"name\":\"Esther Molas\",\"image\":{\"@type\":\"ImageObject\",\"inLanguage\":\"en-US\",\"@id\":\"https:\\\/\\\/secure.gravatar.com\\\/avatar\\\/65d2e5875e859b7b0f3aea4d2f2aacfcc949a693219a81a194112750b89aa695?s=96&d=blank&r=g\",\"url\":\"https:\\\/\\\/secure.gravatar.com\\\/avatar\\\/65d2e5875e859b7b0f3aea4d2f2aacfcc949a693219a81a194112750b89aa695?s=96&d=blank&r=g\",\"contentUrl\":\"https:\\\/\\\/secure.gravatar.com\\\/avatar\\\/65d2e5875e859b7b0f3aea4d2f2aacfcc949a693219a81a194112750b89aa695?s=96&d=blank&r=g\",\"caption\":\"Esther Molas\"},\"url\":\"https:\\\/\\\/laindependent.cat\\\/en\\\/author\\\/esther-molas\\\/\"}]}<\/script>\n<!-- \/ Yoast SEO plugin. -->","yoast_head_json":{"title":"\u201cLes dones del sud de la Mediterr\u00e0nia ens estan donant una lli\u00e7\u00f3 a les del nord\u201d, diu Alexandra Mancuso | La Independent","description":"Jornades realitzades a Roma Alessandra Mancuso \u00e9s periodista de la RAI italiana i una de les participants a la Primera Convenci\u00f3 Internacional de les","robots":{"index":"index","follow":"follow","max-snippet":"max-snippet:-1","max-image-preview":"max-image-preview:large","max-video-preview":"max-video-preview:-1"},"canonical":"https:\/\/laindependent.cat\/en\/les-dones-del-sud-de-la-mediterrania-ens-estan-donant-una-llico-a-les-del-nord-diu-alexandra-mancuso\/","og_locale":"en_US","og_type":"article","og_title":"\u201cLes dones del sud de la Mediterr\u00e0nia ens estan donant una lli\u00e7\u00f3 a les del nord\u201d, diu Alexandra Mancuso | La Independent","og_description":"Jornades realitzades a Roma Alessandra Mancuso \u00e9s periodista de la RAI italiana i una de les participants a la Primera Convenci\u00f3 Internacional de les","og_url":"https:\/\/laindependent.cat\/en\/les-dones-del-sud-de-la-mediterrania-ens-estan-donant-una-llico-a-les-del-nord-diu-alexandra-mancuso\/","og_site_name":"La Independent","article_published_time":"2011-03-08T10:42:54+00:00","og_image":[{"width":200,"height":200,"url":"https:\/\/laindependent.cat\/wp-content\/uploads\/2011\/03\/a_logo.jpg","type":"image\/jpeg"}],"author":"Esther Molas","twitter_card":"summary_large_image","twitter_misc":{"Written by":"Esther Molas","Est. reading time":"6 minutes"},"schema":{"@context":"https:\/\/schema.org","@graph":[{"@type":"Article","@id":"https:\/\/laindependent.cat\/en\/les-dones-del-sud-de-la-mediterrania-ens-estan-donant-una-llico-a-les-del-nord-diu-alexandra-mancuso\/#article","isPartOf":{"@id":"https:\/\/laindependent.cat\/en\/les-dones-del-sud-de-la-mediterrania-ens-estan-donant-una-llico-a-les-del-nord-diu-alexandra-mancuso\/"},"author":{"name":"Esther Molas","@id":"https:\/\/laindependent.cat\/en\/#\/schema\/person\/0d97821850f24572139d259c7d050e97"},"headline":"\u201cLes dones del sud de la Mediterr\u00e0nia ens estan donant una lli\u00e7\u00f3 a les del nord\u201d, diu Alexandra Mancuso","datePublished":"2011-03-08T10:42:54+00:00","mainEntityOfPage":{"@id":"https:\/\/laindependent.cat\/en\/les-dones-del-sud-de-la-mediterrania-ens-estan-donant-una-llico-a-les-del-nord-diu-alexandra-mancuso\/"},"wordCount":1227,"commentCount":0,"publisher":{"@id":"https:\/\/laindependent.cat\/en\/#organization"},"image":{"@id":"https:\/\/laindependent.cat\/en\/les-dones-del-sud-de-la-mediterrania-ens-estan-donant-una-llico-a-les-del-nord-diu-alexandra-mancuso\/#primaryimage"},"thumbnailUrl":"https:\/\/laindependent.cat\/wp-content\/uploads\/2011\/03\/a_logo.jpg","articleSection":["Moviments Socials"],"inLanguage":"en-US","potentialAction":[{"@type":"CommentAction","name":"Comment","target":["https:\/\/laindependent.cat\/en\/les-dones-del-sud-de-la-mediterrania-ens-estan-donant-una-llico-a-les-del-nord-diu-alexandra-mancuso\/#respond"]}]},{"@type":"WebPage","@id":"https:\/\/laindependent.cat\/en\/les-dones-del-sud-de-la-mediterrania-ens-estan-donant-una-llico-a-les-del-nord-diu-alexandra-mancuso\/","url":"https:\/\/laindependent.cat\/en\/les-dones-del-sud-de-la-mediterrania-ens-estan-donant-una-llico-a-les-del-nord-diu-alexandra-mancuso\/","name":"\u201cLes dones del sud de la Mediterr\u00e0nia ens estan donant una lli\u00e7\u00f3 a les del nord\u201d, diu Alexandra Mancuso | La Independent","isPartOf":{"@id":"https:\/\/laindependent.cat\/en\/#website"},"primaryImageOfPage":{"@id":"https:\/\/laindependent.cat\/en\/les-dones-del-sud-de-la-mediterrania-ens-estan-donant-una-llico-a-les-del-nord-diu-alexandra-mancuso\/#primaryimage"},"image":{"@id":"https:\/\/laindependent.cat\/en\/les-dones-del-sud-de-la-mediterrania-ens-estan-donant-una-llico-a-les-del-nord-diu-alexandra-mancuso\/#primaryimage"},"thumbnailUrl":"https:\/\/laindependent.cat\/wp-content\/uploads\/2011\/03\/a_logo.jpg","datePublished":"2011-03-08T10:42:54+00:00","description":"Jornades realitzades a Roma Alessandra Mancuso \u00e9s periodista de la RAI italiana i una de les participants a la Primera Convenci\u00f3 Internacional de les","breadcrumb":{"@id":"https:\/\/laindependent.cat\/en\/les-dones-del-sud-de-la-mediterrania-ens-estan-donant-una-llico-a-les-del-nord-diu-alexandra-mancuso\/#breadcrumb"},"inLanguage":"en-US","potentialAction":[{"@type":"ReadAction","target":["https:\/\/laindependent.cat\/en\/les-dones-del-sud-de-la-mediterrania-ens-estan-donant-una-llico-a-les-del-nord-diu-alexandra-mancuso\/"]}]},{"@type":"ImageObject","inLanguage":"en-US","@id":"https:\/\/laindependent.cat\/en\/les-dones-del-sud-de-la-mediterrania-ens-estan-donant-una-llico-a-les-del-nord-diu-alexandra-mancuso\/#primaryimage","url":"https:\/\/laindependent.cat\/wp-content\/uploads\/2011\/03\/a_logo.jpg","contentUrl":"https:\/\/laindependent.cat\/wp-content\/uploads\/2011\/03\/a_logo.jpg","width":200,"height":200},{"@type":"BreadcrumbList","@id":"https:\/\/laindependent.cat\/en\/les-dones-del-sud-de-la-mediterrania-ens-estan-donant-una-llico-a-les-del-nord-diu-alexandra-mancuso\/#breadcrumb","itemListElement":[{"@type":"ListItem","position":1,"name":"Inici","item":"https:\/\/laindependent.cat\/en\/"},{"@type":"ListItem","position":2,"name":"Apoderament i Lideratge","item":"https:\/\/laindependent.cat\/tema\/lideratge\/"},{"@type":"ListItem","position":3,"name":"Moviments Socials","item":"https:\/\/laindependent.cat\/tema\/lideratge\/p-moviments-socials\/"},{"@type":"ListItem","position":4,"name":"\u201cLes dones del sud de la Mediterr\u00e0nia ens estan donant una lli\u00e7\u00f3 a les del nord\u201d, diu Alexandra Mancuso"}]},{"@type":"WebSite","@id":"https:\/\/laindependent.cat\/en\/#website","url":"https:\/\/laindependent.cat\/en\/","name":"La Independent","description":"Ag\u00e8ncia de not\u00edcies amb visi\u00f3 de g\u00e8nere","publisher":{"@id":"https:\/\/laindependent.cat\/en\/#organization"},"alternateName":"Ag\u00e8ncia de not\u00edcies amb visi\u00f3 de g\u00e8nere","potentialAction":[{"@type":"SearchAction","target":{"@type":"EntryPoint","urlTemplate":"https:\/\/laindependent.cat\/en\/?s={search_term_string}"},"query-input":{"@type":"PropertyValueSpecification","valueRequired":true,"valueName":"search_term_string"}}],"inLanguage":"en-US"},{"@type":"Organization","@id":"https:\/\/laindependent.cat\/en\/#organization","name":"La Independent","alternateName":"Ag\u00e8ncia de not\u00edcies amb visi\u00f3 de g\u00e8nere","url":"https:\/\/laindependent.cat\/en\/","logo":{"@type":"ImageObject","inLanguage":"en-US","@id":"https:\/\/laindependent.cat\/en\/#\/schema\/logo\/image\/","url":"https:\/\/laindependent.cat\/wp-content\/uploads\/2022\/10\/logo-independent.svg","contentUrl":"https:\/\/laindependent.cat\/wp-content\/uploads\/2022\/10\/logo-independent.svg","width":562,"height":78,"caption":"La Independent"},"image":{"@id":"https:\/\/laindependent.cat\/en\/#\/schema\/logo\/image\/"}},{"@type":"Person","@id":"https:\/\/laindependent.cat\/en\/#\/schema\/person\/0d97821850f24572139d259c7d050e97","name":"Esther Molas","image":{"@type":"ImageObject","inLanguage":"en-US","@id":"https:\/\/secure.gravatar.com\/avatar\/65d2e5875e859b7b0f3aea4d2f2aacfcc949a693219a81a194112750b89aa695?s=96&d=blank&r=g","url":"https:\/\/secure.gravatar.com\/avatar\/65d2e5875e859b7b0f3aea4d2f2aacfcc949a693219a81a194112750b89aa695?s=96&d=blank&r=g","contentUrl":"https:\/\/secure.gravatar.com\/avatar\/65d2e5875e859b7b0f3aea4d2f2aacfcc949a693219a81a194112750b89aa695?s=96&d=blank&r=g","caption":"Esther Molas"},"url":"https:\/\/laindependent.cat\/en\/author\/esther-molas\/"}]}},"_links":{"self":[{"href":"https:\/\/laindependent.cat\/en\/wp-json\/wp\/v2\/posts\/54517","targetHints":{"allow":["GET"]}}],"collection":[{"href":"https:\/\/laindependent.cat\/en\/wp-json\/wp\/v2\/posts"}],"about":[{"href":"https:\/\/laindependent.cat\/en\/wp-json\/wp\/v2\/types\/post"}],"author":[{"embeddable":true,"href":"https:\/\/laindependent.cat\/en\/wp-json\/wp\/v2\/users\/77"}],"replies":[{"embeddable":true,"href":"https:\/\/laindependent.cat\/en\/wp-json\/wp\/v2\/comments?post=54517"}],"version-history":[{"count":0,"href":"https:\/\/laindependent.cat\/en\/wp-json\/wp\/v2\/posts\/54517\/revisions"}],"wp:featuredmedia":[{"embeddable":true,"href":"https:\/\/laindependent.cat\/en\/wp-json\/wp\/v2\/media\/26590"}],"wp:attachment":[{"href":"https:\/\/laindependent.cat\/en\/wp-json\/wp\/v2\/media?parent=54517"}],"wp:term":[{"taxonomy":"category","embeddable":true,"href":"https:\/\/laindependent.cat\/en\/wp-json\/wp\/v2\/categories?post=54517"},{"taxonomy":"post_tag","embeddable":true,"href":"https:\/\/laindependent.cat\/en\/wp-json\/wp\/v2\/tags?post=54517"}],"curies":[{"name":"wp","href":"https:\/\/api.w.org\/{rel}","templated":true}]}}